{"id":8991,"date":"2022-06-06T16:49:18","date_gmt":"2022-06-06T14:49:18","guid":{"rendered":"https:\/\/seyssel74.com\/?p=8991"},"modified":"2022-06-06T19:00:20","modified_gmt":"2022-06-06T17:00:20","slug":"inauguration-de-la-place-de-la-republique-de-seyssel-ain","status":"publish","type":"post","link":"https:\/\/seyssel74.com\/index.php\/2022\/06\/06\/inauguration-de-la-place-de-la-republique-de-seyssel-ain\/","title":{"rendered":"Inauguration de la Place de la R\u00e9publique de Seyssel Ain"},"content":{"rendered":"\n<p>Quelques images de l&rsquo;inauguration de la Place de la R\u00e9publique de Seyssel Ain du 04 juin 2022 <img loading=\"lazy\" decoding=\"async\" height=\"16\" width=\"16\" src=\"https:\/\/static.xx.fbcdn.net\/images\/emoji.php\/v9\/t37\/1.5\/16\/2702.png\" alt=\"\u2702\ufe0f\">. Celle-ci s&rsquo;est tenue \u00e0 l&rsquo;occasion du march\u00e9 du samedi.<\/p>\n\n\n\n<p>F\u00e9licitations \u00e0 la municipalit\u00e9 de la rive droite pour l\u2019accomplissement de ce projet, et cette tr\u00e8s belle place, propice aux animations.<\/p>\n\n\n\n<p>Le maire et les adjoints de Seyssel 74 \u00e9taient pr\u00e9sents aux c\u00f4t\u00e9s des maires et \u00e9lus de Seyssel 01 et Corbonod, et des conseillers d\u00e9partementaux de l&rsquo;Ain, Philippe Emin et V\u00e9ronique Baude (VP), et de la conseill\u00e8re r\u00e9gionale Auvergne-Rh\u00f4ne-Alpes, Aude Etcheberry.<\/p>\n\n\n\n<figure class=\"wp-block-gallery has-nested-images columns-default is-cropped wp-block-gallery-1 is-layout-flex wp-block-gallery-is-layout-flex\">\n<figure class=\"wp-block-image size-large\"><img loading=\"lazy\" decoding=\"async\" width=\"900\" height=\"676\" data-id=\"8997\" src=\"https:\/\/seyssel74.com\/wp-content\/uploads\/2022\/06\/Inauguration-Place-Republique-Seyssel-Ain-1.jpg\" alt=\"\" class=\"wp-image-8997\" srcset=\"https:\/\/seyssel74.com\/wp-content\/uploads\/2022\/06\/Inauguration-Place-Republique-Seyssel-Ain-1.jpg 900w, https:\/\/seyssel74.com\/wp-content\/uploads\/2022\/06\/Inauguration-Place-Republique-Seyssel-Ain-1-300x225.jpg 300w, https:\/\/seyssel74.com\/wp-content\/uploads\/2022\/06\/Inauguration-Place-Republique-Seyssel-Ain-1-768x577.jpg 768w\" sizes=\"auto, (max-width: 900px) 100vw, 900px\" \/><\/figure>\n\n\n\n<figure class=\"wp-block-image size-large\"><img loading=\"lazy\" decoding=\"async\" width=\"900\" height=\"776\" data-id=\"8995\" src=\"https:\/\/seyssel74.com\/wp-content\/uploads\/2022\/06\/Inauguration-Place-Republique-Seyssel-01-elus-Seyssel-74.jpg\" alt=\"\" class=\"wp-image-8995\" srcset=\"https:\/\/seyssel74.com\/wp-content\/uploads\/2022\/06\/Inauguration-Place-Republique-Seyssel-01-elus-Seyssel-74.jpg 900w, https:\/\/seyssel74.com\/wp-content\/uploads\/2022\/06\/Inauguration-Place-Republique-Seyssel-01-elus-Seyssel-74-300x259.jpg 300w, https:\/\/seyssel74.com\/wp-content\/uploads\/2022\/06\/Inauguration-Place-Republique-Seyssel-01-elus-Seyssel-74-768x662.jpg 768w\" sizes=\"auto, (max-width: 900px) 100vw, 900px\" \/><\/figure>\n<\/figure>\n\n\n\n<figure class=\"wp-block-gallery has-nested-images columns-default is-cropped wp-block-gallery-2 is-layout-flex wp-block-gallery-is-layout-flex\">\n<figure class=\"wp-block-image size-large\"><img loading=\"lazy\" decoding=\"async\" width=\"900\" height=\"676\" data-id=\"8994\" src=\"https:\/\/seyssel74.com\/wp-content\/uploads\/2022\/06\/Inauguration-Place-Republique-Seyssel-01-elus-Seyssel-74-Corbonod.jpg\" alt=\"\" class=\"wp-image-8994\" srcset=\"https:\/\/seyssel74.com\/wp-content\/uploads\/2022\/06\/Inauguration-Place-Republique-Seyssel-01-elus-Seyssel-74-Corbonod.jpg 900w, https:\/\/seyssel74.com\/wp-content\/uploads\/2022\/06\/Inauguration-Place-Republique-Seyssel-01-elus-Seyssel-74-Corbonod-300x225.jpg 300w, https:\/\/seyssel74.com\/wp-content\/uploads\/2022\/06\/Inauguration-Place-Republique-Seyssel-01-elus-Seyssel-74-Corbonod-768x577.jpg 768w\" sizes=\"auto, (max-width: 900px) 100vw, 900px\" \/><\/figure>\n\n\n\n<figure class=\"wp-block-image size-large\"><img loading=\"lazy\" decoding=\"async\" width=\"900\" height=\"676\" data-id=\"8996\" src=\"https:\/\/seyssel74.com\/wp-content\/uploads\/2022\/06\/Inauguration-Place-Republique-Seyssel-01.jpg\" alt=\"\" class=\"wp-image-8996\" srcset=\"https:\/\/seyssel74.com\/wp-content\/uploads\/2022\/06\/Inauguration-Place-Republique-Seyssel-01.jpg 900w, https:\/\/seyssel74.com\/wp-content\/uploads\/2022\/06\/Inauguration-Place-Republique-Seyssel-01-300x225.jpg 300w, https:\/\/seyssel74.com\/wp-content\/uploads\/2022\/06\/Inauguration-Place-Republique-Seyssel-01-768x577.jpg 768w\" sizes=\"auto, (max-width: 900px) 100vw, 900px\" \/><\/figure>\n<\/figure>\n\n\n\n<figure class=\"wp-block-image size-full\"><img loading=\"lazy\" decoding=\"async\" width=\"900\" height=\"676\" src=\"https:\/\/seyssel74.com\/wp-content\/uploads\/2022\/06\/Place-de-la-Republique-Seyssel-Ain.jpg\" alt=\"\" class=\"wp-image-8998\" srcset=\"https:\/\/seyssel74.com\/wp-content\/uploads\/2022\/06\/Place-de-la-Republique-Seyssel-Ain.jpg 900w, https:\/\/seyssel74.com\/wp-content\/uploads\/2022\/06\/Place-de-la-Republique-Seyssel-Ain-300x225.jpg 300w, https:\/\/seyssel74.com\/wp-content\/uploads\/2022\/06\/Place-de-la-Republique-Seyssel-Ain-768x577.jpg 768w\" sizes=\"auto, (max-width: 900px) 100vw, 900px\" \/><\/figure>\n","protected":false},"excerpt":{"rendered":"<p>Quelques images de l&rsquo;inauguration de la Place de la R\u00e9publique de Seyssel Ain du 04 juin 2022 . Celle-ci s&rsquo;est tenue \u00e0 l&rsquo;occasion du march\u00e9 du samedi. F\u00e9licitations \u00e0 la municipalit\u00e9 de la rive droite pour l\u2019accomplissement de ce projet, et cette tr\u00e8s belle place, propice aux animations. Le maire et les adjoints de Seyssel [&hellip;]<\/p>\n","protected":false},"author":1,"featured_media":0,"comment_status":"open","ping_status":"open","sticky":false,"template":"","format":"standard","meta":{"ocean_post_layout":"","ocean_both_sidebars_style":"","ocean_both_sidebars_content_width":0,"ocean_both_sidebars_sidebars_width":0,"ocean_sidebar":"0","ocean_second_sidebar":"0","ocean_disable_margins":"enable","ocean_add_body_class":"","ocean_shortcode_before_top_bar":"","ocean_shortcode_after_top_bar":"","ocean_shortcode_before_header":"","ocean_shortcode_after_header":"","ocean_has_shortcode":"","ocean_shortcode_after_title":"","ocean_shortcode_before_footer_widgets":"","ocean_shortcode_after_footer_widgets":"","ocean_shortcode_before_footer_bottom":"","ocean_shortcode_after_footer_bottom":"","ocean_display_top_bar":"default","ocean_display_header":"default","ocean_header_style":"","ocean_center_header_left_menu":"0","ocean_custom_header_template":"0","ocean_custom_logo":0,"ocean_custom_retina_logo":0,"ocean_custom_logo_max_width":0,"ocean_custom_logo_tablet_max_width":0,"ocean_custom_logo_mobile_max_width":0,"ocean_custom_logo_max_height":0,"ocean_custom_logo_tablet_max_height":0,"ocean_custom_logo_mobile_max_height":0,"ocean_header_custom_menu":"0","ocean_menu_typo_font_family":"0","ocean_menu_typo_font_subset":"","ocean_menu_typo_font_size":0,"ocean_menu_typo_font_size_tablet":0,"ocean_menu_typo_font_size_mobile":0,"ocean_menu_typo_font_size_unit":"px","ocean_menu_typo_font_weight":"","ocean_menu_typo_font_weight_tablet":"","ocean_menu_typo_font_weight_mobile":"","ocean_menu_typo_transform":"","ocean_menu_typo_transform_tablet":"","ocean_menu_typo_transform_mobile":"","ocean_menu_typo_line_height":0,"ocean_menu_typo_line_height_tablet":0,"ocean_menu_typo_line_height_mobile":0,"ocean_menu_typo_line_height_unit":"","ocean_menu_typo_spacing":0,"ocean_menu_typo_spacing_tablet":0,"ocean_menu_typo_spacing_mobile":0,"ocean_menu_typo_spacing_unit":"","ocean_menu_link_color":"","ocean_menu_link_color_hover":"","ocean_menu_link_color_active":"","ocean_menu_link_background":"","ocean_menu_link_hover_background":"","ocean_menu_link_active_background":"","ocean_menu_social_links_bg":"","ocean_menu_social_hover_links_bg":"","ocean_menu_social_links_color":"","ocean_menu_social_hover_links_color":"","ocean_disable_title":"default","ocean_disable_heading":"default","ocean_post_title":"","ocean_post_subheading":"","ocean_post_title_style":"","ocean_post_title_background_color":"","ocean_post_title_background":0,"ocean_post_title_bg_image_position":"","ocean_post_title_bg_image_attachment":"","ocean_post_title_bg_image_repeat":"","ocean_post_title_bg_image_size":"","ocean_post_title_height":0,"ocean_post_title_bg_overlay":0.5,"ocean_post_title_bg_overlay_color":"","ocean_disable_breadcrumbs":"default","ocean_breadcrumbs_color":"","ocean_breadcrumbs_separator_color":"","ocean_breadcrumbs_links_color":"","ocean_breadcrumbs_links_hover_color":"","ocean_display_footer_widgets":"default","ocean_display_footer_bottom":"default","ocean_custom_footer_template":"0","ofc_meta_disable_footer_callout":"","ofc_meta_callout_button_url":"","ofc_meta_callout_button_txt":"","ofc_meta_callout_text":"","ofc_enable_fullscreen":"disable","ofc_fullscreen_speed":0,"ofc_fullscreen_nav":"enable","ofc_fullscreen_nav_pos":"right","ofc_fullscreen_nav_color":"","ofc_fullscreen_nav_tooltip_color":"","ofc_fullscreen_responsive":0,"osp_disable_panel":"default","osh_disable_topbar_sticky":"default","osh_disable_header_sticky":"default","osh_sticky_header_style":"default","osh_sticky_header_effect":"","osh_custom_sticky_logo":0,"osh_custom_retina_sticky_logo":0,"osh_custom_sticky_logo_height":0,"osh_background_color":"","osh_links_color":"","osh_links_hover_color":"","osh_links_active_color":"","osh_links_bg_color":"","osh_links_hover_bg_color":"","osh_links_active_bg_color":"","osh_menu_social_links_color":"","osh_menu_social_hover_links_color":"","ocean_post_oembed":"","ocean_post_self_hosted_media":"","ocean_post_video_embed":"","ocean_link_format":"","ocean_link_format_target":"self","ocean_quote_format":"","ocean_quote_format_link":"post","ocean_gallery_link_images":"off","ocean_gallery_id":[],"footnotes":""},"categories":[58,57],"tags":[35,30],"class_list":["post-8991","post","type-post","status-publish","format-standard","hentry","category-ceremonie","category-communication","tag-ceremonie","tag-communication","entry"],"_links":{"self":[{"href":"https:\/\/seyssel74.com\/index.php\/wp-json\/wp\/v2\/posts\/8991","targetHints":{"allow":["GET"]}}],"collection":[{"href":"https:\/\/seyssel74.com\/index.php\/wp-json\/wp\/v2\/posts"}],"about":[{"href":"https:\/\/seyssel74.com\/index.php\/wp-json\/wp\/v2\/types\/post"}],"author":[{"embeddable":true,"href":"https:\/\/seyssel74.com\/index.php\/wp-json\/wp\/v2\/users\/1"}],"replies":[{"embeddable":true,"href":"https:\/\/seyssel74.com\/index.php\/wp-json\/wp\/v2\/comments?post=8991"}],"version-history":[{"count":2,"href":"https:\/\/seyssel74.com\/index.php\/wp-json\/wp\/v2\/posts\/8991\/revisions"}],"predecessor-version":[{"id":8999,"href":"https:\/\/seyssel74.com\/index.php\/wp-json\/wp\/v2\/posts\/8991\/revisions\/8999"}],"wp:attachment":[{"href":"https:\/\/seyssel74.com\/index.php\/wp-json\/wp\/v2\/media?parent=8991"}],"wp:term":[{"taxonomy":"category","embeddable":true,"href":"https:\/\/seyssel74.com\/index.php\/wp-json\/wp\/v2\/categories?post=8991"},{"taxonomy":"post_tag","embeddable":true,"href":"https:\/\/seyssel74.com\/index.php\/wp-json\/wp\/v2\/tags?post=8991"}],"curies":[{"name":"wp","href":"https:\/\/api.w.org\/{rel}","templated":true}]}}