{"id":7867,"date":"2022-02-14T00:48:16","date_gmt":"2022-02-13T23:48:16","guid":{"rendered":"https:\/\/seyssel74.com\/?p=7867"},"modified":"2022-11-28T23:48:14","modified_gmt":"2022-11-28T22:48:14","slug":"ceremonie-des-evenements-tragiques-de-fevrier-1944-a-seyssel","status":"publish","type":"post","link":"https:\/\/seyssel74.com\/index.php\/2022\/02\/14\/ceremonie-des-evenements-tragiques-de-fevrier-1944-a-seyssel\/","title":{"rendered":"C\u00e9r\u00e9monie des \u00e9v\u00e9nements tragiques de f\u00e9vrier 1944 \u00e0 Seyssel"},"content":{"rendered":"\n<p>Une foule nombreuse est venue se recueillir ce dimanche 13 f\u00e9vrier 2022 matin devant les plaques comm\u00e9moratives relatant les \u00e9v\u00e9nements tragiques de f\u00e9vrier 1944.<\/p>\n\n\n\n<p>En pr\u00e9sence des Maires et \u00e9lus des deux rives de Seyssel, des maires de Challonges et Bassy, du s\u00e9nateur Lo\u00efc Herv\u00e9, de l\u2019ancien pr\u00e9sident du Conseil D\u00e9partemental de la Haute-Savoie Christian Monteil, des conseillers d\u00e9partementaux de L&rsquo;Ain, Annie Meuriau et Guy Larmanjat, de la pr\u00e9sidente du comit\u00e9 local du Souvenir Fran\u00e7ais Christine Tardy, du pr\u00e9sident de la section local UNC-Alpes Pierre Bagiacchi, du directeur de l&rsquo;ONACVG 74, des Sapeurs Pompiers de Seyssel, du conseil municipal des enfants, des porte-drapeaux, des repr\u00e9sentants des familles et de la batterie-fanfare La Seysselane assurant une tr\u00e8s belle prestation musicale tout au long de cette c\u00e9r\u00e9monie.<\/p>\n\n\n\n<p><img loading=\"lazy\" decoding=\"async\" height=\"16\" width=\"16\" src=\"https:\/\/static.xx.fbcdn.net\/images\/emoji.php\/v9\/td9\/1.5\/16\/1f64f.png\" alt=\"\ud83d\ude4f\"> Merci \u00e0 tous d\u2019avoir honor\u00e9 ce devoir de m\u00e9moire.<\/p>\n\n\n\n<figure class=\"wp-block-image size-large\"><img loading=\"lazy\" decoding=\"async\" width=\"1536\" height=\"1024\" src=\"https:\/\/seyssel74.com\/wp-content\/uploads\/2022\/02\/ceremonie_fevrier_1944_Seyssel_1-1536x1024.jpg\" alt=\"\" class=\"wp-image-7869\" srcset=\"https:\/\/seyssel74.com\/wp-content\/uploads\/2022\/02\/ceremonie_fevrier_1944_Seyssel_1-1536x1024.jpg 1536w, https:\/\/seyssel74.com\/wp-content\/uploads\/2022\/02\/ceremonie_fevrier_1944_Seyssel_1-300x200.jpg 300w, https:\/\/seyssel74.com\/wp-content\/uploads\/2022\/02\/ceremonie_fevrier_1944_Seyssel_1-768x512.jpg 768w, https:\/\/seyssel74.com\/wp-content\/uploads\/2022\/02\/ceremonie_fevrier_1944_Seyssel_1.jpg 1920w\" sizes=\"auto, (max-width: 1536px) 100vw, 1536px\" \/><\/figure>\n\n\n\n<figure class=\"wp-block-gallery has-nested-images columns-default is-cropped wp-block-gallery-1 is-layout-flex wp-block-gallery-is-layout-flex\">\n<figure class=\"wp-block-image size-large\"><img loading=\"lazy\" decoding=\"async\" width=\"960\" height=\"720\" data-id=\"7873\" src=\"https:\/\/seyssel74.com\/wp-content\/uploads\/2022\/02\/ceremonie_fevrier_1944_Seyssel_5.jpg\" alt=\"\" class=\"wp-image-7873\" srcset=\"https:\/\/seyssel74.com\/wp-content\/uploads\/2022\/02\/ceremonie_fevrier_1944_Seyssel_5.jpg 960w, https:\/\/seyssel74.com\/wp-content\/uploads\/2022\/02\/ceremonie_fevrier_1944_Seyssel_5-300x225.jpg 300w, https:\/\/seyssel74.com\/wp-content\/uploads\/2022\/02\/ceremonie_fevrier_1944_Seyssel_5-768x576.jpg 768w\" sizes=\"auto, (max-width: 960px) 100vw, 960px\" \/><\/figure>\n\n\n\n<figure class=\"wp-block-image size-large\"><img loading=\"lazy\" decoding=\"async\" width=\"1920\" height=\"1280\" data-id=\"7870\" src=\"https:\/\/seyssel74.com\/wp-content\/uploads\/2022\/02\/ceremonie_fevrier_1944_Seyssel_2.jpg\" alt=\"\" class=\"wp-image-7870\" srcset=\"https:\/\/seyssel74.com\/wp-content\/uploads\/2022\/02\/ceremonie_fevrier_1944_Seyssel_2.jpg 1920w, https:\/\/seyssel74.com\/wp-content\/uploads\/2022\/02\/ceremonie_fevrier_1944_Seyssel_2-300x200.jpg 300w, https:\/\/seyssel74.com\/wp-content\/uploads\/2022\/02\/ceremonie_fevrier_1944_Seyssel_2-1536x1024.jpg 1536w, https:\/\/seyssel74.com\/wp-content\/uploads\/2022\/02\/ceremonie_fevrier_1944_Seyssel_2-768x512.jpg 768w\" sizes=\"auto, (max-width: 1920px) 100vw, 1920px\" \/><\/figure>\n<\/figure>\n\n\n\n<p>Notamment en pr\u00e9sence c\u00f4t\u00e9 \u00e9lus&nbsp;Seyssel Haute-Savoie, de M. le maire et conseiller d\u00e9partemental G\u00e9rard&nbsp;Lambert, des adjoints&nbsp;Gilles Callet, Paulette Le Normand,&nbsp;Carine Duvernois,&nbsp;David Berthod&nbsp;(\u00e9galement avec La Seysselane&nbsp;<img loading=\"lazy\" decoding=\"async\" height=\"16\" width=\"16\" src=\"https:\/\/static.xx.fbcdn.net\/images\/emoji.php\/v9\/te7\/1.5\/16\/1f941.png\" alt=\"\ud83e\udd41\">),&nbsp;Florian Zuccalli, des conseillers&nbsp;Jean-marc Vinet,&nbsp;Agn\u00e8s Faudot,&nbsp;Maurine Diaz,&nbsp;Robert Chevalier, Anais&nbsp;Gribling,&nbsp;Jacques Laplace&nbsp;(aussi avec La Seysselane&nbsp;<img loading=\"lazy\" decoding=\"async\" height=\"16\" width=\"16\" src=\"https:\/\/static.xx.fbcdn.net\/images\/emoji.php\/v9\/t23\/1.5\/16\/1f3ba.png\" alt=\"\ud83c\udfba\">).<\/p>\n\n\n\n<figure class=\"wp-block-gallery has-nested-images columns-default is-cropped wp-block-gallery-2 is-layout-flex wp-block-gallery-is-layout-flex\">\n<figure class=\"wp-block-image size-large\"><img loading=\"lazy\" decoding=\"async\" width=\"960\" height=\"720\" data-id=\"7871\" src=\"https:\/\/seyssel74.com\/wp-content\/uploads\/2022\/02\/ceremonie_fevrier_1944_Seyssel_3.jpg\" alt=\"\" class=\"wp-image-7871\" srcset=\"https:\/\/seyssel74.com\/wp-content\/uploads\/2022\/02\/ceremonie_fevrier_1944_Seyssel_3.jpg 960w, https:\/\/seyssel74.com\/wp-content\/uploads\/2022\/02\/ceremonie_fevrier_1944_Seyssel_3-300x225.jpg 300w, https:\/\/seyssel74.com\/wp-content\/uploads\/2022\/02\/ceremonie_fevrier_1944_Seyssel_3-768x576.jpg 768w\" sizes=\"auto, (max-width: 960px) 100vw, 960px\" \/><\/figure>\n\n\n\n<figure class=\"wp-block-image size-large\"><img loading=\"lazy\" decoding=\"async\" width=\"960\" height=\"720\" data-id=\"7872\" src=\"https:\/\/seyssel74.com\/wp-content\/uploads\/2022\/02\/ceremonie_fevrier_1944_Seyssel_4.jpg\" alt=\"\" class=\"wp-image-7872\" srcset=\"https:\/\/seyssel74.com\/wp-content\/uploads\/2022\/02\/ceremonie_fevrier_1944_Seyssel_4.jpg 960w, https:\/\/seyssel74.com\/wp-content\/uploads\/2022\/02\/ceremonie_fevrier_1944_Seyssel_4-300x225.jpg 300w, https:\/\/seyssel74.com\/wp-content\/uploads\/2022\/02\/ceremonie_fevrier_1944_Seyssel_4-768x576.jpg 768w\" sizes=\"auto, (max-width: 960px) 100vw, 960px\" \/><\/figure>\n<\/figure>\n","protected":false},"excerpt":{"rendered":"<p>Une foule nombreuse est venue se recueillir ce dimanche 13 f\u00e9vrier 2022 matin devant les plaques comm\u00e9moratives relatant les \u00e9v\u00e9nements tragiques de f\u00e9vrier 1944. En pr\u00e9sence des Maires et \u00e9lus des deux rives de Seyssel, des maires de Challonges et Bassy, du s\u00e9nateur Lo\u00efc Herv\u00e9, de l\u2019ancien pr\u00e9sident du Conseil D\u00e9partemental de la Haute-Savoie Christian [&hellip;]<\/p>\n","protected":false},"author":1,"featured_media":0,"comment_status":"open","ping_status":"open","sticky":false,"template":"","format":"standard","meta":{"ocean_post_layout":"","ocean_both_sidebars_style":"","ocean_both_sidebars_content_width":0,"ocean_both_sidebars_sidebars_width":0,"ocean_sidebar":"0","ocean_second_sidebar":"0","ocean_disable_margins":"enable","ocean_add_body_class":"","ocean_shortcode_before_top_bar":"","ocean_shortcode_after_top_bar":"","ocean_shortcode_before_header":"","ocean_shortcode_after_header":"","ocean_has_shortcode":"","ocean_shortcode_after_title":"","ocean_shortcode_before_footer_widgets":"","ocean_shortcode_after_footer_widgets":"","ocean_shortcode_before_footer_bottom":"","ocean_shortcode_after_footer_bottom":"","ocean_display_top_bar":"default","ocean_display_header":"default","ocean_header_style":"","ocean_center_header_left_menu":"0","ocean_custom_header_template":"0","ocean_custom_logo":0,"ocean_custom_retina_logo":0,"ocean_custom_logo_max_width":0,"ocean_custom_logo_tablet_max_width":0,"ocean_custom_logo_mobile_max_width":0,"ocean_custom_logo_max_height":0,"ocean_custom_logo_tablet_max_height":0,"ocean_custom_logo_mobile_max_height":0,"ocean_header_custom_menu":"0","ocean_menu_typo_font_family":"0","ocean_menu_typo_font_subset":"","ocean_menu_typo_font_size":0,"ocean_menu_typo_font_size_tablet":0,"ocean_menu_typo_font_size_mobile":0,"ocean_menu_typo_font_size_unit":"px","ocean_menu_typo_font_weight":"","ocean_menu_typo_font_weight_tablet":"","ocean_menu_typo_font_weight_mobile":"","ocean_menu_typo_transform":"","ocean_menu_typo_transform_tablet":"","ocean_menu_typo_transform_mobile":"","ocean_menu_typo_line_height":0,"ocean_menu_typo_line_height_tablet":0,"ocean_menu_typo_line_height_mobile":0,"ocean_menu_typo_line_height_unit":"","ocean_menu_typo_spacing":0,"ocean_menu_typo_spacing_tablet":0,"ocean_menu_typo_spacing_mobile":0,"ocean_menu_typo_spacing_unit":"","ocean_menu_link_color":"","ocean_menu_link_color_hover":"","ocean_menu_link_color_active":"","ocean_menu_link_background":"","ocean_menu_link_hover_background":"","ocean_menu_link_active_background":"","ocean_menu_social_links_bg":"","ocean_menu_social_hover_links_bg":"","ocean_menu_social_links_color":"","ocean_menu_social_hover_links_color":"","ocean_disable_title":"default","ocean_disable_heading":"default","ocean_post_title":"","ocean_post_subheading":"","ocean_post_title_style":"","ocean_post_title_background_color":"","ocean_post_title_background":0,"ocean_post_title_bg_image_position":"","ocean_post_title_bg_image_attachment":"","ocean_post_title_bg_image_repeat":"","ocean_post_title_bg_image_size":"","ocean_post_title_height":0,"ocean_post_title_bg_overlay":0.5,"ocean_post_title_bg_overlay_color":"","ocean_disable_breadcrumbs":"default","ocean_breadcrumbs_color":"","ocean_breadcrumbs_separator_color":"","ocean_breadcrumbs_links_color":"","ocean_breadcrumbs_links_hover_color":"","ocean_display_footer_widgets":"default","ocean_display_footer_bottom":"default","ocean_custom_footer_template":"0","ofc_meta_disable_footer_callout":"","ofc_meta_callout_button_url":"","ofc_meta_callout_button_txt":"","ofc_meta_callout_text":"","ofc_enable_fullscreen":"disable","ofc_fullscreen_speed":0,"ofc_fullscreen_nav":"enable","ofc_fullscreen_nav_pos":"right","ofc_fullscreen_nav_color":"","ofc_fullscreen_nav_tooltip_color":"","ofc_fullscreen_responsive":0,"osp_disable_panel":"default","osh_disable_topbar_sticky":"default","osh_disable_header_sticky":"default","osh_sticky_header_style":"default","osh_sticky_header_effect":"","osh_custom_sticky_logo":0,"osh_custom_retina_sticky_logo":0,"osh_custom_sticky_logo_height":0,"osh_background_color":"","osh_links_color":"","osh_links_hover_color":"","osh_links_active_color":"","osh_links_bg_color":"","osh_links_hover_bg_color":"","osh_links_active_bg_color":"","osh_menu_social_links_color":"","osh_menu_social_hover_links_color":"","ocean_post_oembed":"","ocean_post_self_hosted_media":"","ocean_post_video_embed":"","ocean_link_format":"","ocean_link_format_target":"self","ocean_quote_format":"","ocean_quote_format_link":"post","ocean_gallery_link_images":"off","ocean_gallery_id":[],"footnotes":""},"categories":[58],"tags":[35],"class_list":["post-7867","post","type-post","status-publish","format-standard","hentry","category-ceremonie","tag-ceremonie","entry"],"_links":{"self":[{"href":"https:\/\/seyssel74.com\/index.php\/wp-json\/wp\/v2\/posts\/7867","targetHints":{"allow":["GET"]}}],"collection":[{"href":"https:\/\/seyssel74.com\/index.php\/wp-json\/wp\/v2\/posts"}],"about":[{"href":"https:\/\/seyssel74.com\/index.php\/wp-json\/wp\/v2\/types\/post"}],"author":[{"embeddable":true,"href":"https:\/\/seyssel74.com\/index.php\/wp-json\/wp\/v2\/users\/1"}],"replies":[{"embeddable":true,"href":"https:\/\/seyssel74.com\/index.php\/wp-json\/wp\/v2\/comments?post=7867"}],"version-history":[{"count":3,"href":"https:\/\/seyssel74.com\/index.php\/wp-json\/wp\/v2\/posts\/7867\/revisions"}],"predecessor-version":[{"id":10893,"href":"https:\/\/seyssel74.com\/index.php\/wp-json\/wp\/v2\/posts\/7867\/revisions\/10893"}],"wp:attachment":[{"href":"https:\/\/seyssel74.com\/index.php\/wp-json\/wp\/v2\/media?parent=7867"}],"wp:term":[{"taxonomy":"category","embeddable":true,"href":"https:\/\/seyssel74.com\/index.php\/wp-json\/wp\/v2\/categories?post=7867"},{"taxonomy":"post_tag","embeddable":true,"href":"https:\/\/seyssel74.com\/index.php\/wp-json\/wp\/v2\/tags?post=7867"}],"curies":[{"name":"wp","href":"https:\/\/api.w.org\/{rel}","templated":true}]}}