{"id":439,"date":"2020-05-27T09:50:15","date_gmt":"2020-05-27T07:50:15","guid":{"rendered":"http:\/\/seyssel74.com\/?p=439"},"modified":"2022-11-28T23:51:49","modified_gmt":"2022-11-28T22:51:49","slug":"conseil-municipal-dinstauration-du-25-05-2020","status":"publish","type":"post","link":"https:\/\/seyssel74.com\/index.php\/2020\/05\/27\/conseil-municipal-dinstauration-du-25-05-2020\/","title":{"rendered":"Conseil Municipal d&rsquo;instauration du 25.05.2020"},"content":{"rendered":"\n<p>Lundi 25.05 \u00e0 la Mairie de Seyssel Haute-Savoie s&rsquo;est tenu le premier Conseil Municipal permettant l&rsquo;instauration du nouveau maire et des \u00e9lus pour le mandat \u00e0 venir.<\/p>\n\n\n\n<p>G\u00e9rard LAMBERT &#8211; Maire<br>Gilles CALLET &#8211; Adjoint d\u00e9l\u00e9gu\u00e9 \u00e0 la gestion budg\u00e9taire et financi\u00e8re, \u00e0 la gestion des b\u00e2timents et du foncier et \u00e0 la gestion du personnel<br>Paulette LE NORMAND &#8211; Adjointe d\u00e9l\u00e9gu\u00e9e aux affaires culturelles, touristiques, aux \u00e9coles, et au patrimoine<br>David BERTHOD &#8211; Adjoint d\u00e9l\u00e9gu\u00e9 \u00e0 la gestion de l&rsquo;urbanisme, de la voirie, au suivi des travaux et \u00e0 la s\u00e9curit\u00e9<br>Carine DUVERNOIS &#8211; Adjointe d\u00e9l\u00e9gu\u00e9e aux affaires sociales et environnementales<br>Florian ZUCCALLI &#8211; Adjoint d\u00e9l\u00e9gu\u00e9 aux affaires sportives, associatives et \u00e0 la communication<br>Elise BORCIER &#8211; Conseill\u00e8re Municipale<br>Jacques LAPLACE &#8211; Conseiller Municipal<br>Sophie MOUSSELLARD JACQUEMIER &#8211; Conseill\u00e8re Municipale<br>Jean-Bernard BUISSON &#8211; Conseiller Municipal<br>Maurine DIAZ &#8211; Conseill\u00e8re Municipale<br>Robert CHEVALIER &#8211; Conseiller Municipal<br>Anais GRIBLING &#8211; Conseill\u00e8re Municipale<br>Jean-Marc VINET &#8211; Conseiller Municipal<br>Agn\u00e8s FAUDOT &#8211; Conseill\u00e8re Municipale<br>Gilles PILLOUX &#8211; Conseiller Municipal<br>Anne-Marie BAILLEUL &#8211; Conseill\u00e8re Municipale<br>Nicolas BOTTERI &#8211; Conseiller Municipal<br>Martine LEVILLAIN &#8211; Conseill\u00e8re Municipale<br><br>Nous vous pr\u00e9ciserons la r\u00e9partition des \u00e9lus dans les diff\u00e9rentes commissions prochainement<\/p>\n\n\n\n<figure class=\"wp-block-image size-large\"><img decoding=\"async\" src=\"https:\/\/seyssel74.com\/wp-content\/uploads\/2020\/05\/groupe-1.jpg\" alt=\"\" class=\"wp-image-448\"\/><figcaption class=\"wp-element-caption\">\ud83d\udcf7&nbsp;<em>cr\u00e9dit photo : Gilles Broisin<\/em><\/figcaption><\/figure>\n\n\n\n<figure class=\"wp-block-gallery has-nested-images columns-default is-cropped wp-block-gallery-1 is-layout-flex wp-block-gallery-is-layout-flex\">\n<figure class=\"wp-block-image size-large\"><img decoding=\"async\" data-id=\"446\" src=\"https:\/\/seyssel74.com\/wp-content\/uploads\/2020\/05\/maire.jpg\" alt=\"\" class=\"wp-image-446\"\/><figcaption class=\"wp-element-caption\">G\u00e9rard LAMBERT<\/figcaption><\/figure>\n\n\n\n<figure class=\"wp-block-image size-large\"><img loading=\"lazy\" decoding=\"async\" width=\"720\" height=\"960\" data-id=\"444\" src=\"https:\/\/seyssel74.com\/wp-content\/uploads\/2020\/05\/gilles-callet.jpg\" alt=\"\" class=\"wp-image-444\" srcset=\"https:\/\/seyssel74.com\/wp-content\/uploads\/2020\/05\/gilles-callet.jpg 720w, https:\/\/seyssel74.com\/wp-content\/uploads\/2020\/05\/gilles-callet-225x300.jpg 225w\" sizes=\"auto, (max-width: 720px) 100vw, 720px\" \/><figcaption class=\"wp-element-caption\">Gilles CALLET<\/figcaption><\/figure>\n\n\n\n<figure class=\"wp-block-image size-large\"><img decoding=\"async\" data-id=\"447\" src=\"https:\/\/seyssel74.com\/wp-content\/uploads\/2020\/05\/Paulette-Le-normand.jpg\" alt=\"\" class=\"wp-image-447\"\/><figcaption class=\"wp-element-caption\">Paulette LE NORMAND<\/figcaption><\/figure>\n\n\n\n<figure class=\"wp-block-image size-large\"><img decoding=\"async\" data-id=\"442\" src=\"https:\/\/seyssel74.com\/wp-content\/uploads\/2020\/05\/David-berthod.jpg\" alt=\"\" class=\"wp-image-442\"\/><figcaption class=\"wp-element-caption\">David BERTHOD<\/figcaption><\/figure>\n\n\n\n<figure class=\"wp-block-image size-large\"><img decoding=\"async\" data-id=\"441\" src=\"https:\/\/seyssel74.com\/wp-content\/uploads\/2020\/05\/Carine-duvernois.jpg\" alt=\"\" class=\"wp-image-441\"\/><figcaption class=\"wp-element-caption\">Carine DUVERNOIS<\/figcaption><\/figure>\n\n\n\n<figure class=\"wp-block-image size-large\"><img decoding=\"async\" data-id=\"443\" src=\"https:\/\/seyssel74.com\/wp-content\/uploads\/2020\/05\/Florian-Zuccalli.jpg\" alt=\"\" class=\"wp-image-443\"\/><figcaption class=\"wp-element-caption\">Florian ZUCCALLI<\/figcaption><\/figure>\n<\/figure>\n\n\n\n<figure class=\"wp-block-image size-large is-resized\"><img loading=\"lazy\" decoding=\"async\" src=\"https:\/\/seyssel74.com\/wp-content\/uploads\/2020\/05\/adjoints-2.jpg\" alt=\"\" class=\"wp-image-451\" width=\"419\" height=\"449\"\/><\/figure>\n\n\n\n<figure class=\"wp-block-embed is-type-video is-provider-vimeo wp-block-embed-vimeo wp-embed-aspect-16-9 wp-has-aspect-ratio\"><div class=\"wp-block-embed__wrapper\">\n<p class=\"responsive-video-wrap clr\"><iframe loading=\"lazy\" title=\"Election du Nouveau Maire de Seyssel 74\" src=\"https:\/\/player.vimeo.com\/video\/422509452?dnt=1&amp;app_id=122963\" width=\"1200\" height=\"675\" frameborder=\"0\" allow=\"autoplay; fullscreen\" allowfullscreen><\/iframe><\/p>\n<\/div><figcaption class=\"wp-element-caption\"><em>cr\u00e9dit vid\u00e9o Seyssel TV<\/em><\/figcaption><\/figure>\n\n\n\n<p>Toutes les r\u00e9actions et interviews sont disponibles sur <a href=\"https:\/\/vimeo.com\/seyssel\">https:\/\/vimeo.com\/seyssel<\/a><\/p>\n\n\n\n<figure class=\"wp-block-embed is-type-video is-provider-vimeo wp-block-embed-vimeo wp-embed-aspect-16-9 wp-has-aspect-ratio\"><div class=\"wp-block-embed__wrapper\">\n<p class=\"responsive-video-wrap clr\"><iframe loading=\"lazy\" title=\"Gilles Callet - 1er Adjoint au Maire Seyssel 74\" src=\"https:\/\/player.vimeo.com\/video\/423106350?dnt=1&amp;app_id=122963\" width=\"1200\" height=\"675\" frameborder=\"0\" allow=\"autoplay; fullscreen\" allowfullscreen><\/iframe><\/p>\n<\/div><\/figure>\n\n\n\n<figure class=\"wp-block-embed is-type-video is-provider-vimeo wp-block-embed-vimeo wp-embed-aspect-16-9 wp-has-aspect-ratio\"><div class=\"wp-block-embed__wrapper\">\n<p class=\"responsive-video-wrap clr\"><iframe loading=\"lazy\" title=\"Elise Borcier - Conseill&amp;egrave;re Municipale\" src=\"https:\/\/player.vimeo.com\/video\/423685559?dnt=1&amp;app_id=122963\" width=\"1200\" height=\"675\" frameborder=\"0\" allow=\"autoplay; fullscreen\" allowfullscreen><\/iframe><\/p>\n<\/div><\/figure>\n\n\n\n<figure class=\"wp-block-embed is-type-video is-provider-vimeo wp-block-embed-vimeo wp-embed-aspect-16-9 wp-has-aspect-ratio\"><div class=\"wp-block-embed__wrapper\">\n<p class=\"responsive-video-wrap clr\"><iframe loading=\"lazy\" title=\"Jacques Laplace, Conseiller Municipal\" src=\"https:\/\/player.vimeo.com\/video\/424467785?dnt=1&amp;app_id=122963\" width=\"1200\" height=\"675\" frameborder=\"0\" allow=\"autoplay; fullscreen\" allowfullscreen><\/iframe><\/p>\n<\/div><\/figure>\n\n\n\n<figure class=\"wp-block-embed is-type-video is-provider-vimeo wp-block-embed-vimeo wp-embed-aspect-16-9 wp-has-aspect-ratio\"><div class=\"wp-block-embed__wrapper\">\n<p class=\"responsive-video-wrap clr\"><iframe loading=\"lazy\" title=\"Anai\u0308s Gribling, Conseill&amp;egrave;re Municipale, Liste G&amp;eacute;rard Lambert\" src=\"https:\/\/player.vimeo.com\/video\/424707499?dnt=1&amp;app_id=122963\" width=\"1200\" height=\"675\" frameborder=\"0\" allow=\"autoplay; fullscreen\" allowfullscreen><\/iframe><\/p>\n<\/div><\/figure>\n\n\n\n<figure class=\"wp-block-embed is-type-video is-provider-vimeo wp-block-embed-vimeo wp-embed-aspect-16-9 wp-has-aspect-ratio\"><div class=\"wp-block-embed__wrapper\">\n<p class=\"responsive-video-wrap clr\"><iframe loading=\"lazy\" title=\"Jean-Bernard Buisson, Conseiller Municipal\" src=\"https:\/\/player.vimeo.com\/video\/424842899?dnt=1&amp;app_id=122963\" width=\"1200\" height=\"675\" frameborder=\"0\" allow=\"autoplay; fullscreen\" allowfullscreen><\/iframe><\/p>\n<\/div><\/figure>\n\n\n\n<figure class=\"wp-block-embed is-type-video is-provider-vimeo wp-block-embed-vimeo wp-embed-aspect-16-9 wp-has-aspect-ratio\"><div class=\"wp-block-embed__wrapper\">\n<p class=\"responsive-video-wrap clr\"><iframe loading=\"lazy\" title=\"Carine Duvernois, Conseill&amp;egrave;re Municipale\" src=\"https:\/\/player.vimeo.com\/video\/424869978?dnt=1&amp;app_id=122963\" width=\"1200\" height=\"675\" frameborder=\"0\" allow=\"autoplay; fullscreen\" allowfullscreen><\/iframe><\/p>\n<\/div><\/figure>\n\n\n\n<figure class=\"wp-block-embed is-type-video is-provider-vimeo wp-block-embed-vimeo wp-embed-aspect-16-9 wp-has-aspect-ratio\"><div class=\"wp-block-embed__wrapper\">\n<p class=\"responsive-video-wrap clr\"><iframe loading=\"lazy\" title=\"Christian Monteil, Pr&amp;eacute;sident Conseil D&amp;eacute;partemental 74\" src=\"https:\/\/player.vimeo.com\/video\/425430483?dnt=1&amp;app_id=122963\" width=\"1200\" height=\"675\" frameborder=\"0\" allow=\"autoplay; fullscreen\" allowfullscreen><\/iframe><\/p>\n<\/div><\/figure>\n","protected":false},"excerpt":{"rendered":"<p>Lundi 25.05 \u00e0 la Mairie de Seyssel Haute-Savoie s&rsquo;est tenu le premier Conseil Municipal permettant l&rsquo;instauration du nouveau maire et des \u00e9lus pour le mandat \u00e0 venir. G\u00e9rard LAMBERT &#8211; MaireGilles CALLET &#8211; Adjoint d\u00e9l\u00e9gu\u00e9 \u00e0 la gestion budg\u00e9taire et financi\u00e8re, \u00e0 la gestion des b\u00e2timents et du foncier et \u00e0 la gestion du personnelPaulette [&hellip;]<\/p>\n","protected":false},"author":1,"featured_media":0,"comment_status":"open","ping_status":"open","sticky":false,"template":"","format":"standard","meta":{"ocean_post_layout":"","ocean_both_sidebars_style":"","ocean_both_sidebars_content_width":0,"ocean_both_sidebars_sidebars_width":0,"ocean_sidebar":"0","ocean_second_sidebar":"0","ocean_disable_margins":"enable","ocean_add_body_class":"","ocean_shortcode_before_top_bar":"","ocean_shortcode_after_top_bar":"","ocean_shortcode_before_header":"","ocean_shortcode_after_header":"","ocean_has_shortcode":"","ocean_shortcode_after_title":"","ocean_shortcode_before_footer_widgets":"","ocean_shortcode_after_footer_widgets":"","ocean_shortcode_before_footer_bottom":"","ocean_shortcode_after_footer_bottom":"","ocean_display_top_bar":"default","ocean_display_header":"default","ocean_header_style":"","ocean_center_header_left_menu":"0","ocean_custom_header_template":"0","ocean_custom_logo":0,"ocean_custom_retina_logo":0,"ocean_custom_logo_max_width":0,"ocean_custom_logo_tablet_max_width":0,"ocean_custom_logo_mobile_max_width":0,"ocean_custom_logo_max_height":0,"ocean_custom_logo_tablet_max_height":0,"ocean_custom_logo_mobile_max_height":0,"ocean_header_custom_menu":"0","ocean_menu_typo_font_family":"0","ocean_menu_typo_font_subset":"","ocean_menu_typo_font_size":0,"ocean_menu_typo_font_size_tablet":0,"ocean_menu_typo_font_size_mobile":0,"ocean_menu_typo_font_size_unit":"px","ocean_menu_typo_font_weight":"","ocean_menu_typo_font_weight_tablet":"","ocean_menu_typo_font_weight_mobile":"","ocean_menu_typo_transform":"","ocean_menu_typo_transform_tablet":"","ocean_menu_typo_transform_mobile":"","ocean_menu_typo_line_height":0,"ocean_menu_typo_line_height_tablet":0,"ocean_menu_typo_line_height_mobile":0,"ocean_menu_typo_line_height_unit":"","ocean_menu_typo_spacing":0,"ocean_menu_typo_spacing_tablet":0,"ocean_menu_typo_spacing_mobile":0,"ocean_menu_typo_spacing_unit":"","ocean_menu_link_color":"","ocean_menu_link_color_hover":"","ocean_menu_link_color_active":"","ocean_menu_link_background":"","ocean_menu_link_hover_background":"","ocean_menu_link_active_background":"","ocean_menu_social_links_bg":"","ocean_menu_social_hover_links_bg":"","ocean_menu_social_links_color":"","ocean_menu_social_hover_links_color":"","ocean_disable_title":"default","ocean_disable_heading":"default","ocean_post_title":"","ocean_post_subheading":"","ocean_post_title_style":"","ocean_post_title_background_color":"","ocean_post_title_background":0,"ocean_post_title_bg_image_position":"","ocean_post_title_bg_image_attachment":"","ocean_post_title_bg_image_repeat":"","ocean_post_title_bg_image_size":"","ocean_post_title_height":0,"ocean_post_title_bg_overlay":0.5,"ocean_post_title_bg_overlay_color":"","ocean_disable_breadcrumbs":"default","ocean_breadcrumbs_color":"","ocean_breadcrumbs_separator_color":"","ocean_breadcrumbs_links_color":"","ocean_breadcrumbs_links_hover_color":"","ocean_display_footer_widgets":"default","ocean_display_footer_bottom":"default","ocean_custom_footer_template":"0","ofc_meta_disable_footer_callout":"","ofc_meta_callout_button_url":"","ofc_meta_callout_button_txt":"","ofc_meta_callout_text":"","ofc_enable_fullscreen":"disable","ofc_fullscreen_speed":0,"ofc_fullscreen_nav":"enable","ofc_fullscreen_nav_pos":"right","ofc_fullscreen_nav_color":"","ofc_fullscreen_nav_tooltip_color":"","ofc_fullscreen_responsive":0,"osp_disable_panel":"default","osh_disable_topbar_sticky":"default","osh_disable_header_sticky":"default","osh_sticky_header_style":"default","osh_sticky_header_effect":"","osh_custom_sticky_logo":0,"osh_custom_retina_sticky_logo":0,"osh_custom_sticky_logo_height":0,"osh_background_color":"","osh_links_color":"","osh_links_hover_color":"","osh_links_active_color":"","osh_links_bg_color":"","osh_links_hover_bg_color":"","osh_links_active_bg_color":"","osh_menu_social_links_color":"","osh_menu_social_hover_links_color":"","ocean_post_oembed":"","ocean_post_self_hosted_media":"","ocean_post_video_embed":"","ocean_link_format":"","ocean_link_format_target":"self","ocean_quote_format":"","ocean_quote_format_link":"post","ocean_gallery_link_images":"off","ocean_gallery_id":[],"footnotes":""},"categories":[57],"tags":[],"class_list":["post-439","post","type-post","status-publish","format-standard","hentry","category-communication","entry"],"_links":{"self":[{"href":"https:\/\/seyssel74.com\/index.php\/wp-json\/wp\/v2\/posts\/439","targetHints":{"allow":["GET"]}}],"collection":[{"href":"https:\/\/seyssel74.com\/index.php\/wp-json\/wp\/v2\/posts"}],"about":[{"href":"https:\/\/seyssel74.com\/index.php\/wp-json\/wp\/v2\/types\/post"}],"author":[{"embeddable":true,"href":"https:\/\/seyssel74.com\/index.php\/wp-json\/wp\/v2\/users\/1"}],"replies":[{"embeddable":true,"href":"https:\/\/seyssel74.com\/index.php\/wp-json\/wp\/v2\/comments?post=439"}],"version-history":[{"count":6,"href":"https:\/\/seyssel74.com\/index.php\/wp-json\/wp\/v2\/posts\/439\/revisions"}],"predecessor-version":[{"id":10897,"href":"https:\/\/seyssel74.com\/index.php\/wp-json\/wp\/v2\/posts\/439\/revisions\/10897"}],"wp:attachment":[{"href":"https:\/\/seyssel74.com\/index.php\/wp-json\/wp\/v2\/media?parent=439"}],"wp:term":[{"taxonomy":"category","embeddable":true,"href":"https:\/\/seyssel74.com\/index.php\/wp-json\/wp\/v2\/categories?post=439"},{"taxonomy":"post_tag","embeddable":true,"href":"https:\/\/seyssel74.com\/index.php\/wp-json\/wp\/v2\/tags?post=439"}],"curies":[{"name":"wp","href":"https:\/\/api.w.org\/{rel}","templated":true}]}}