{"id":23056,"date":"2025-11-26T02:21:01","date_gmt":"2025-11-26T01:21:01","guid":{"rendered":"https:\/\/seyssel74.com\/?p=23056"},"modified":"2025-12-05T02:28:57","modified_gmt":"2025-12-05T01:28:57","slug":"retour-sur-la-premiere-edition-du-bal-givre","status":"publish","type":"post","link":"https:\/\/seyssel74.com\/index.php\/2025\/11\/26\/retour-sur-la-premiere-edition-du-bal-givre\/","title":{"rendered":"Retour sur la premi\u00e8re \u00e9dition du bal givr\u00e9"},"content":{"rendered":"\n<p>Le 22 novembre 2025 s\u2019est tenu le premier <strong>Bal Givr\u00e9<\/strong>, organis\u00e9 par l\u2019association \u00ab\u00a0Seyssel en F\u00eates\u00a0\u00bb. Cette nouvelle animation a rassembl\u00e9 de nombreux participants, jeunes et adultes, venus du Pays de Seyssel et des environs.<\/p>\n\n\n\n<p>La municipalit\u00e9 remercie l\u2019ensemble des b\u00e9n\u00e9voles mobilis\u00e9s ainsi que les services communaux et la Police municipale pour leur contribution au bon d\u00e9roulement de la soir\u00e9e.<br>Leur engagement a permis d\u2019assurer une organisation efficace et une ambiance conviviale tout au long de l\u2019\u00e9v\u00e9nement. La commune se r\u00e9jouit de voir la vie associative locale proposer des initiatives vari\u00e9es et dynamisantes pour le territoire.<\/p>\n\n\n\n<figure class=\"wp-block-image size-full\"><img loading=\"lazy\" decoding=\"async\" width=\"800\" height=\"600\" src=\"https:\/\/seyssel74.com\/wp-content\/uploads\/2025\/12\/premier-bal-givre-22.11.2025-FZ-d.jpg\" alt=\"\" class=\"wp-image-23060\" srcset=\"https:\/\/seyssel74.com\/wp-content\/uploads\/2025\/12\/premier-bal-givre-22.11.2025-FZ-d.jpg 800w, https:\/\/seyssel74.com\/wp-content\/uploads\/2025\/12\/premier-bal-givre-22.11.2025-FZ-d-300x225.jpg 300w, https:\/\/seyssel74.com\/wp-content\/uploads\/2025\/12\/premier-bal-givre-22.11.2025-FZ-d-768x576.jpg 768w\" sizes=\"auto, (max-width: 800px) 100vw, 800px\" \/><\/figure>\n\n\n\n<figure class=\"wp-block-image size-full\"><img loading=\"lazy\" decoding=\"async\" width=\"800\" height=\"600\" src=\"https:\/\/seyssel74.com\/wp-content\/uploads\/2025\/12\/premier-bal-givre-22.11.2025-FZ-c.jpg\" alt=\"\" class=\"wp-image-23059\" srcset=\"https:\/\/seyssel74.com\/wp-content\/uploads\/2025\/12\/premier-bal-givre-22.11.2025-FZ-c.jpg 800w, https:\/\/seyssel74.com\/wp-content\/uploads\/2025\/12\/premier-bal-givre-22.11.2025-FZ-c-300x225.jpg 300w, https:\/\/seyssel74.com\/wp-content\/uploads\/2025\/12\/premier-bal-givre-22.11.2025-FZ-c-768x576.jpg 768w\" sizes=\"auto, (max-width: 800px) 100vw, 800px\" \/><\/figure>\n\n\n\n<figure class=\"wp-block-image size-full\"><img loading=\"lazy\" decoding=\"async\" width=\"800\" height=\"600\" src=\"https:\/\/seyssel74.com\/wp-content\/uploads\/2025\/12\/premier-bal-givre-22.11.2025-FZ-a.jpg\" alt=\"\" class=\"wp-image-23057\" srcset=\"https:\/\/seyssel74.com\/wp-content\/uploads\/2025\/12\/premier-bal-givre-22.11.2025-FZ-a.jpg 800w, https:\/\/seyssel74.com\/wp-content\/uploads\/2025\/12\/premier-bal-givre-22.11.2025-FZ-a-300x225.jpg 300w, https:\/\/seyssel74.com\/wp-content\/uploads\/2025\/12\/premier-bal-givre-22.11.2025-FZ-a-768x576.jpg 768w\" sizes=\"auto, (max-width: 800px) 100vw, 800px\" \/><\/figure>\n\n\n\n<figure class=\"wp-block-image size-full\"><img loading=\"lazy\" decoding=\"async\" width=\"800\" height=\"600\" src=\"https:\/\/seyssel74.com\/wp-content\/uploads\/2025\/12\/premier-bal-givre-22.11.2025-FZ-b.jpg\" alt=\"\" class=\"wp-image-23058\" srcset=\"https:\/\/seyssel74.com\/wp-content\/uploads\/2025\/12\/premier-bal-givre-22.11.2025-FZ-b.jpg 800w, https:\/\/seyssel74.com\/wp-content\/uploads\/2025\/12\/premier-bal-givre-22.11.2025-FZ-b-300x225.jpg 300w, https:\/\/seyssel74.com\/wp-content\/uploads\/2025\/12\/premier-bal-givre-22.11.2025-FZ-b-768x576.jpg 768w\" sizes=\"auto, (max-width: 800px) 100vw, 800px\" \/><\/figure>\n\n\n\n<p><\/p>\n","protected":false},"excerpt":{"rendered":"<p>Le 22 novembre 2025 s\u2019est tenu le premier Bal Givr\u00e9, organis\u00e9 par l\u2019association \u00ab\u00a0Seyssel en F\u00eates\u00a0\u00bb. Cette nouvelle animation a rassembl\u00e9 de nombreux participants, jeunes et adultes, venus du Pays de Seyssel et des environs. La municipalit\u00e9 remercie l\u2019ensemble des b\u00e9n\u00e9voles mobilis\u00e9s ainsi que les services communaux et la Police municipale pour leur contribution au [&hellip;]<\/p>\n","protected":false},"author":1,"featured_media":0,"comment_status":"open","ping_status":"open","sticky":false,"template":"","format":"standard","meta":{"ocean_post_layout":"","ocean_both_sidebars_style":"","ocean_both_sidebars_content_width":0,"ocean_both_sidebars_sidebars_width":0,"ocean_sidebar":"","ocean_second_sidebar":"","ocean_disable_margins":"enable","ocean_add_body_class":"","ocean_shortcode_before_top_bar":"","ocean_shortcode_after_top_bar":"","ocean_shortcode_before_header":"","ocean_shortcode_after_header":"","ocean_has_shortcode":"","ocean_shortcode_after_title":"","ocean_shortcode_before_footer_widgets":"","ocean_shortcode_after_footer_widgets":"","ocean_shortcode_before_footer_bottom":"","ocean_shortcode_after_footer_bottom":"","ocean_display_top_bar":"default","ocean_display_header":"default","ocean_header_style":"","ocean_center_header_left_menu":"","ocean_custom_header_template":"","ocean_custom_logo":0,"ocean_custom_retina_logo":0,"ocean_custom_logo_max_width":0,"ocean_custom_logo_tablet_max_width":0,"ocean_custom_logo_mobile_max_width":0,"ocean_custom_logo_max_height":0,"ocean_custom_logo_tablet_max_height":0,"ocean_custom_logo_mobile_max_height":0,"ocean_header_custom_menu":"","ocean_menu_typo_font_family":"","ocean_menu_typo_font_subset":"","ocean_menu_typo_font_size":0,"ocean_menu_typo_font_size_tablet":0,"ocean_menu_typo_font_size_mobile":0,"ocean_menu_typo_font_size_unit":"px","ocean_menu_typo_font_weight":"","ocean_menu_typo_font_weight_tablet":"","ocean_menu_typo_font_weight_mobile":"","ocean_menu_typo_transform":"","ocean_menu_typo_transform_tablet":"","ocean_menu_typo_transform_mobile":"","ocean_menu_typo_line_height":0,"ocean_menu_typo_line_height_tablet":0,"ocean_menu_typo_line_height_mobile":0,"ocean_menu_typo_line_height_unit":"","ocean_menu_typo_spacing":0,"ocean_menu_typo_spacing_tablet":0,"ocean_menu_typo_spacing_mobile":0,"ocean_menu_typo_spacing_unit":"","ocean_menu_link_color":"","ocean_menu_link_color_hover":"","ocean_menu_link_color_active":"","ocean_menu_link_background":"","ocean_menu_link_hover_background":"","ocean_menu_link_active_background":"","ocean_menu_social_links_bg":"","ocean_menu_social_hover_links_bg":"","ocean_menu_social_links_color":"","ocean_menu_social_hover_links_color":"","ocean_disable_title":"default","ocean_disable_heading":"default","ocean_post_title":"","ocean_post_subheading":"","ocean_post_title_style":"","ocean_post_title_background_color":"","ocean_post_title_background":0,"ocean_post_title_bg_image_position":"","ocean_post_title_bg_image_attachment":"","ocean_post_title_bg_image_repeat":"","ocean_post_title_bg_image_size":"","ocean_post_title_height":0,"ocean_post_title_bg_overlay":0.5,"ocean_post_title_bg_overlay_color":"","ocean_disable_breadcrumbs":"default","ocean_breadcrumbs_color":"","ocean_breadcrumbs_separator_color":"","ocean_breadcrumbs_links_color":"","ocean_breadcrumbs_links_hover_color":"","ocean_display_footer_widgets":"default","ocean_display_footer_bottom":"default","ocean_custom_footer_template":"","ofc_meta_disable_footer_callout":"","ofc_meta_callout_button_url":"","ofc_meta_callout_button_txt":"","ofc_meta_callout_text":"","ofc_enable_fullscreen":"disable","ofc_fullscreen_speed":0,"ofc_fullscreen_nav":"enable","ofc_fullscreen_nav_pos":"right","ofc_fullscreen_nav_color":"","ofc_fullscreen_nav_tooltip_color":"","ofc_fullscreen_responsive":0,"osp_disable_panel":"default","osh_disable_topbar_sticky":"default","osh_disable_header_sticky":"default","osh_sticky_header_style":"default","osh_sticky_header_effect":"","osh_custom_sticky_logo":0,"osh_custom_retina_sticky_logo":0,"osh_custom_sticky_logo_height":0,"osh_background_color":"","osh_links_color":"","osh_links_hover_color":"","osh_links_active_color":"","osh_links_bg_color":"","osh_links_hover_bg_color":"","osh_links_active_bg_color":"","osh_menu_social_links_color":"","osh_menu_social_hover_links_color":"","ocean_post_oembed":"","ocean_post_self_hosted_media":"","ocean_post_video_embed":"","ocean_link_format":"","ocean_link_format_target":"self","ocean_quote_format":"","ocean_quote_format_link":"post","ocean_gallery_link_images":"on","ocean_gallery_id":[],"footnotes":""},"categories":[50],"tags":[61],"class_list":["post-23056","post","type-post","status-publish","format-standard","hentry","category-animation","tag-animation","entry"],"_links":{"self":[{"href":"https:\/\/seyssel74.com\/index.php\/wp-json\/wp\/v2\/posts\/23056","targetHints":{"allow":["GET"]}}],"collection":[{"href":"https:\/\/seyssel74.com\/index.php\/wp-json\/wp\/v2\/posts"}],"about":[{"href":"https:\/\/seyssel74.com\/index.php\/wp-json\/wp\/v2\/types\/post"}],"author":[{"embeddable":true,"href":"https:\/\/seyssel74.com\/index.php\/wp-json\/wp\/v2\/users\/1"}],"replies":[{"embeddable":true,"href":"https:\/\/seyssel74.com\/index.php\/wp-json\/wp\/v2\/comments?post=23056"}],"version-history":[{"count":1,"href":"https:\/\/seyssel74.com\/index.php\/wp-json\/wp\/v2\/posts\/23056\/revisions"}],"predecessor-version":[{"id":23061,"href":"https:\/\/seyssel74.com\/index.php\/wp-json\/wp\/v2\/posts\/23056\/revisions\/23061"}],"wp:attachment":[{"href":"https:\/\/seyssel74.com\/index.php\/wp-json\/wp\/v2\/media?parent=23056"}],"wp:term":[{"taxonomy":"category","embeddable":true,"href":"https:\/\/seyssel74.com\/index.php\/wp-json\/wp\/v2\/categories?post=23056"},{"taxonomy":"post_tag","embeddable":true,"href":"https:\/\/seyssel74.com\/index.php\/wp-json\/wp\/v2\/tags?post=23056"}],"curies":[{"name":"wp","href":"https:\/\/api.w.org\/{rel}","templated":true}]}}