{"id":23053,"date":"2025-11-28T23:55:00","date_gmt":"2025-11-28T22:55:00","guid":{"rendered":"https:\/\/seyssel74.com\/?p=23053"},"modified":"2025-12-05T02:03:37","modified_gmt":"2025-12-05T01:03:37","slug":"ag-2025-de-lunion-cycliste-seyssel-frangy","status":"publish","type":"post","link":"https:\/\/seyssel74.com\/index.php\/2025\/11\/28\/ag-2025-de-lunion-cycliste-seyssel-frangy\/","title":{"rendered":"AG 2025 de l&rsquo;Union Cycliste Seyssel Frangy"},"content":{"rendered":"\n<p>L\u2019Union Cycliste Seyssel Frangy a tenu son assembl\u00e9e g\u00e9n\u00e9rale annuelle le 28 novembre, revenant sur les activit\u00e9s marquantes de l\u2019ann\u00e9e. La section VTT continue de se structurer avec trois groupes de niveaux et des entra\u00eenements organis\u00e9s sur diff\u00e9rents sites du territoire.<\/p>\n\n\n\n<p>Parmi les temps forts rappel\u00e9s : l\u2019organisation d\u2019une manche du Troph\u00e9e D\u00e9partemental des Jeunes Cyclistes \u00e0 l\u2019Espace Sport et Nature du Fier de Motz, la participation au forum des associations de Seyssel 74, la vente de diots sur le march\u00e9 de Seyssel 01, les sorties route programm\u00e9es chaque samedi, les s\u00e9ances de pr\u00e9paration physique au gymnase G. Berchet durant la p\u00e9riode hivernale.<\/p>\n\n\n\n<p>Le pumptrack am\u00e9nag\u00e9 par la Commune de Seyssel Haute-Savoie constitue d\u00e9sormais un \u00e9quipement suppl\u00e9mentaire appr\u00e9ci\u00e9 par les pratiquants, en particulier les jeunes.<\/p>\n\n\n\n<p>Avec plus de 3 200 licenci\u00e9s, la Haute-Savoie demeure l\u2019un des d\u00e9partements les plus dynamiques dans le domaine du cyclisme et se pr\u00e9pare aux grands rendez-vous \u00e0 venir, dont les Championnats du monde de cyclisme UCI 2027.<\/p>\n\n\n\n<p>La municipalit\u00e9 adresse ses f\u00e9licitations \u00e0 Karine Vulliet, pr\u00e9sidente du club, pour son \u00e9lection au comit\u00e9 d\u00e9partemental 74, et remercie l\u2019ensemble du Bureau et les b\u00e9n\u00e9voles pour leur engagement.<br>La Commune r\u00e9affirme son soutien aux actions du club et \u00e0 la promotion des pratiques cyclistes sur son territoire.<\/p>\n\n\n\n<figure class=\"wp-block-image size-full\"><img loading=\"lazy\" decoding=\"async\" width=\"950\" height=\"600\" src=\"https:\/\/seyssel74.com\/wp-content\/uploads\/2025\/12\/AG-union-cycliste-28.11.2025-Michele-Ferrari-J.Laplace-F.Zuccalli.jpg\" alt=\"\" class=\"wp-image-23050\" srcset=\"https:\/\/seyssel74.com\/wp-content\/uploads\/2025\/12\/AG-union-cycliste-28.11.2025-Michele-Ferrari-J.Laplace-F.Zuccalli.jpg 950w, https:\/\/seyssel74.com\/wp-content\/uploads\/2025\/12\/AG-union-cycliste-28.11.2025-Michele-Ferrari-J.Laplace-F.Zuccalli-300x189.jpg 300w, https:\/\/seyssel74.com\/wp-content\/uploads\/2025\/12\/AG-union-cycliste-28.11.2025-Michele-Ferrari-J.Laplace-F.Zuccalli-768x485.jpg 768w\" sizes=\"auto, (max-width: 950px) 100vw, 950px\" \/><figcaption class=\"wp-element-caption\">Le Bureau avant de lancer l&rsquo;AG<\/figcaption><\/figure>\n\n\n\n<figure class=\"wp-block-image size-full\"><img loading=\"lazy\" decoding=\"async\" width=\"708\" height=\"824\" src=\"https:\/\/seyssel74.com\/wp-content\/uploads\/2025\/12\/AG-union-cycliste-28.11.2025-J.Laplace-F.Zuccalli.jpg\" alt=\"\" class=\"wp-image-23052\" srcset=\"https:\/\/seyssel74.com\/wp-content\/uploads\/2025\/12\/AG-union-cycliste-28.11.2025-J.Laplace-F.Zuccalli.jpg 708w, https:\/\/seyssel74.com\/wp-content\/uploads\/2025\/12\/AG-union-cycliste-28.11.2025-J.Laplace-F.Zuccalli-258x300.jpg 258w\" sizes=\"auto, (max-width: 708px) 100vw, 708px\" \/><figcaption class=\"wp-element-caption\">Messieurs les repr\u00e9sentants de Seyssel 74, les \u00e9lus Florian Zuccalli et Jacques Laplace<\/figcaption><\/figure>\n\n\n\n<figure class=\"wp-block-image size-full\"><img loading=\"lazy\" decoding=\"async\" width=\"800\" height=\"600\" src=\"https:\/\/seyssel74.com\/wp-content\/uploads\/2025\/12\/AG-union-cycliste-28.11.2025-seyssel.jpg\" alt=\"\" class=\"wp-image-23051\" srcset=\"https:\/\/seyssel74.com\/wp-content\/uploads\/2025\/12\/AG-union-cycliste-28.11.2025-seyssel.jpg 800w, https:\/\/seyssel74.com\/wp-content\/uploads\/2025\/12\/AG-union-cycliste-28.11.2025-seyssel-300x225.jpg 300w, https:\/\/seyssel74.com\/wp-content\/uploads\/2025\/12\/AG-union-cycliste-28.11.2025-seyssel-768x576.jpg 768w\" sizes=\"auto, (max-width: 800px) 100vw, 800px\" \/><figcaption class=\"wp-element-caption\">La pr\u00e9sidente Karine Vulliet<\/figcaption><\/figure>\n","protected":false},"excerpt":{"rendered":"<p>L\u2019Union Cycliste Seyssel Frangy a tenu son assembl\u00e9e g\u00e9n\u00e9rale annuelle le 28 novembre, revenant sur les activit\u00e9s marquantes de l\u2019ann\u00e9e. La section VTT continue de se structurer avec trois groupes de niveaux et des entra\u00eenements organis\u00e9s sur diff\u00e9rents sites du territoire. Parmi les temps forts rappel\u00e9s : l\u2019organisation d\u2019une manche du Troph\u00e9e D\u00e9partemental des Jeunes [&hellip;]<\/p>\n","protected":false},"author":1,"featured_media":0,"comment_status":"open","ping_status":"open","sticky":false,"template":"","format":"standard","meta":{"ocean_post_layout":"","ocean_both_sidebars_style":"","ocean_both_sidebars_content_width":0,"ocean_both_sidebars_sidebars_width":0,"ocean_sidebar":"","ocean_second_sidebar":"","ocean_disable_margins":"enable","ocean_add_body_class":"","ocean_shortcode_before_top_bar":"","ocean_shortcode_after_top_bar":"","ocean_shortcode_before_header":"","ocean_shortcode_after_header":"","ocean_has_shortcode":"","ocean_shortcode_after_title":"","ocean_shortcode_before_footer_widgets":"","ocean_shortcode_after_footer_widgets":"","ocean_shortcode_before_footer_bottom":"","ocean_shortcode_after_footer_bottom":"","ocean_display_top_bar":"default","ocean_display_header":"default","ocean_header_style":"","ocean_center_header_left_menu":"","ocean_custom_header_template":"","ocean_custom_logo":0,"ocean_custom_retina_logo":0,"ocean_custom_logo_max_width":0,"ocean_custom_logo_tablet_max_width":0,"ocean_custom_logo_mobile_max_width":0,"ocean_custom_logo_max_height":0,"ocean_custom_logo_tablet_max_height":0,"ocean_custom_logo_mobile_max_height":0,"ocean_header_custom_menu":"","ocean_menu_typo_font_family":"","ocean_menu_typo_font_subset":"","ocean_menu_typo_font_size":0,"ocean_menu_typo_font_size_tablet":0,"ocean_menu_typo_font_size_mobile":0,"ocean_menu_typo_font_size_unit":"px","ocean_menu_typo_font_weight":"","ocean_menu_typo_font_weight_tablet":"","ocean_menu_typo_font_weight_mobile":"","ocean_menu_typo_transform":"","ocean_menu_typo_transform_tablet":"","ocean_menu_typo_transform_mobile":"","ocean_menu_typo_line_height":0,"ocean_menu_typo_line_height_tablet":0,"ocean_menu_typo_line_height_mobile":0,"ocean_menu_typo_line_height_unit":"","ocean_menu_typo_spacing":0,"ocean_menu_typo_spacing_tablet":0,"ocean_menu_typo_spacing_mobile":0,"ocean_menu_typo_spacing_unit":"","ocean_menu_link_color":"","ocean_menu_link_color_hover":"","ocean_menu_link_color_active":"","ocean_menu_link_background":"","ocean_menu_link_hover_background":"","ocean_menu_link_active_background":"","ocean_menu_social_links_bg":"","ocean_menu_social_hover_links_bg":"","ocean_menu_social_links_color":"","ocean_menu_social_hover_links_color":"","ocean_disable_title":"default","ocean_disable_heading":"default","ocean_post_title":"","ocean_post_subheading":"","ocean_post_title_style":"","ocean_post_title_background_color":"","ocean_post_title_background":0,"ocean_post_title_bg_image_position":"","ocean_post_title_bg_image_attachment":"","ocean_post_title_bg_image_repeat":"","ocean_post_title_bg_image_size":"","ocean_post_title_height":0,"ocean_post_title_bg_overlay":0.5,"ocean_post_title_bg_overlay_color":"","ocean_disable_breadcrumbs":"default","ocean_breadcrumbs_color":"","ocean_breadcrumbs_separator_color":"","ocean_breadcrumbs_links_color":"","ocean_breadcrumbs_links_hover_color":"","ocean_display_footer_widgets":"default","ocean_display_footer_bottom":"default","ocean_custom_footer_template":"","ofc_meta_disable_footer_callout":"","ofc_meta_callout_button_url":"","ofc_meta_callout_button_txt":"","ofc_meta_callout_text":"","ofc_enable_fullscreen":"disable","ofc_fullscreen_speed":0,"ofc_fullscreen_nav":"enable","ofc_fullscreen_nav_pos":"right","ofc_fullscreen_nav_color":"","ofc_fullscreen_nav_tooltip_color":"","ofc_fullscreen_responsive":0,"osp_disable_panel":"default","osh_disable_topbar_sticky":"default","osh_disable_header_sticky":"default","osh_sticky_header_style":"default","osh_sticky_header_effect":"","osh_custom_sticky_logo":0,"osh_custom_retina_sticky_logo":0,"osh_custom_sticky_logo_height":0,"osh_background_color":"","osh_links_color":"","osh_links_hover_color":"","osh_links_active_color":"","osh_links_bg_color":"","osh_links_hover_bg_color":"","osh_links_active_bg_color":"","osh_menu_social_links_color":"","osh_menu_social_hover_links_color":"","ocean_post_oembed":"","ocean_post_self_hosted_media":"","ocean_post_video_embed":"","ocean_link_format":"","ocean_link_format_target":"self","ocean_quote_format":"","ocean_quote_format_link":"post","ocean_gallery_link_images":"on","ocean_gallery_id":[],"footnotes":""},"categories":[45,43],"tags":[32,34],"class_list":["post-23053","post","type-post","status-publish","format-standard","hentry","category-association","category-sport","tag-association","tag-sport","entry"],"_links":{"self":[{"href":"https:\/\/seyssel74.com\/index.php\/wp-json\/wp\/v2\/posts\/23053","targetHints":{"allow":["GET"]}}],"collection":[{"href":"https:\/\/seyssel74.com\/index.php\/wp-json\/wp\/v2\/posts"}],"about":[{"href":"https:\/\/seyssel74.com\/index.php\/wp-json\/wp\/v2\/types\/post"}],"author":[{"embeddable":true,"href":"https:\/\/seyssel74.com\/index.php\/wp-json\/wp\/v2\/users\/1"}],"replies":[{"embeddable":true,"href":"https:\/\/seyssel74.com\/index.php\/wp-json\/wp\/v2\/comments?post=23053"}],"version-history":[{"count":1,"href":"https:\/\/seyssel74.com\/index.php\/wp-json\/wp\/v2\/posts\/23053\/revisions"}],"predecessor-version":[{"id":23055,"href":"https:\/\/seyssel74.com\/index.php\/wp-json\/wp\/v2\/posts\/23053\/revisions\/23055"}],"wp:attachment":[{"href":"https:\/\/seyssel74.com\/index.php\/wp-json\/wp\/v2\/media?parent=23053"}],"wp:term":[{"taxonomy":"category","embeddable":true,"href":"https:\/\/seyssel74.com\/index.php\/wp-json\/wp\/v2\/categories?post=23053"},{"taxonomy":"post_tag","embeddable":true,"href":"https:\/\/seyssel74.com\/index.php\/wp-json\/wp\/v2\/tags?post=23053"}],"curies":[{"name":"wp","href":"https:\/\/api.w.org\/{rel}","templated":true}]}}