{"id":21083,"date":"2025-07-08T06:32:59","date_gmt":"2025-07-08T04:32:59","guid":{"rendered":"https:\/\/seyssel74.com\/?p=21083"},"modified":"2025-07-08T06:32:59","modified_gmt":"2025-07-08T04:32:59","slug":"un-depart-salue-avec-emotion-pour-la-directrice-de-lecole-de-seyssel","status":"publish","type":"post","link":"https:\/\/seyssel74.com\/index.php\/2025\/07\/08\/un-depart-salue-avec-emotion-pour-la-directrice-de-lecole-de-seyssel\/","title":{"rendered":"Un d\u00e9part salu\u00e9 avec \u00e9motion pour la directrice de l\u2019\u00e9cole de Seyssel"},"content":{"rendered":"\n<p>Vendredi 4 juillet, \u00e0 la veille des grandes vacances, un pot de d\u00e9part s\u2019est tenu dans la cour de l\u2019\u00e9cole Jules Coissard \u00e0 Seyssel. Parents d\u2019\u00e9l\u00e8ves, \u00e9lus, agents p\u00e9riscolaires, enseignants, membres du projet TER, repr\u00e9sentants du coll\u00e8ge, conseil municipal des enfants, \u00e9taient r\u00e9unis pour rendre hommage \u00e0 Mme Puech, directrice de l\u2019\u00e9tablissement, qui s\u2019appr\u00eate \u00e0 rejoindre un nouveau poste \u00e0 Rumilly.<\/p>\n\n\n\n<p>Arriv\u00e9e \u00e0 Seyssel il y a plusieurs ann\u00e9es, Mme Puech a su marquer de son engagement et de sa bienveillance la vie de l\u2019\u00e9cole. Son travail en collaboration avec l\u2019\u00e9quipe enseignante, les \u00e9l\u00e8ves, les familles, l\u2019association des parents d\u2019\u00e9l\u00e8ves, la municipalit\u00e9 et les partenaires \u00e9ducatifs a \u00e9t\u00e9 salu\u00e9.<br>Le maire, entour\u00e9 de plusieurs \u00e9lus, a pris la parole pour remercier chaleureusement Mme Puech.<\/p>\n\n\n\n<p>Des messages d\u2019\u00e9l\u00e8ves et des attentions de ses coll\u00e8gues ont ponctu\u00e9 ce moment de convivialit\u00e9, marqu\u00e9 par l\u2019\u00e9motion mais aussi la fiert\u00e9 de voir Mme Puech poursuivre son parcours professionnel avec de nouveaux d\u00e9fis. La municipalit\u00e9 lui souhaite pleine r\u00e9ussite dans cette nouvelle aventure.<\/p>\n\n\n\n<figure class=\"wp-block-image size-large\"><img loading=\"lazy\" decoding=\"async\" width=\"1515\" height=\"1024\" src=\"https:\/\/seyssel74.com\/wp-content\/uploads\/2025\/07\/Pot-depart-mme-puech-directrice-ecole-Seyssel-4-juillet-2025-1515x1024.jpg\" alt=\"\" class=\"wp-image-21090\" srcset=\"https:\/\/seyssel74.com\/wp-content\/uploads\/2025\/07\/Pot-depart-mme-puech-directrice-ecole-Seyssel-4-juillet-2025-1515x1024.jpg 1515w, https:\/\/seyssel74.com\/wp-content\/uploads\/2025\/07\/Pot-depart-mme-puech-directrice-ecole-Seyssel-4-juillet-2025-300x203.jpg 300w, https:\/\/seyssel74.com\/wp-content\/uploads\/2025\/07\/Pot-depart-mme-puech-directrice-ecole-Seyssel-4-juillet-2025-768x519.jpg 768w, https:\/\/seyssel74.com\/wp-content\/uploads\/2025\/07\/Pot-depart-mme-puech-directrice-ecole-Seyssel-4-juillet-2025-1536x1038.jpg 1536w, https:\/\/seyssel74.com\/wp-content\/uploads\/2025\/07\/Pot-depart-mme-puech-directrice-ecole-Seyssel-4-juillet-2025.jpg 1847w\" sizes=\"auto, (max-width: 1515px) 100vw, 1515px\" \/><\/figure>\n\n\n\n<figure class=\"wp-block-image size-full\"><img loading=\"lazy\" decoding=\"async\" width=\"797\" height=\"600\" src=\"https:\/\/seyssel74.com\/wp-content\/uploads\/2025\/07\/Pot-depart-mme-puech-directrice-ecole-Jules-Coissard-juillet-2025.jpg\" alt=\"\" class=\"wp-image-21089\" srcset=\"https:\/\/seyssel74.com\/wp-content\/uploads\/2025\/07\/Pot-depart-mme-puech-directrice-ecole-Jules-Coissard-juillet-2025.jpg 797w, https:\/\/seyssel74.com\/wp-content\/uploads\/2025\/07\/Pot-depart-mme-puech-directrice-ecole-Jules-Coissard-juillet-2025-300x226.jpg 300w, https:\/\/seyssel74.com\/wp-content\/uploads\/2025\/07\/Pot-depart-mme-puech-directrice-ecole-Jules-Coissard-juillet-2025-768x578.jpg 768w\" sizes=\"auto, (max-width: 797px) 100vw, 797px\" \/><\/figure>\n\n\n\n<figure class=\"wp-block-image size-full\"><img loading=\"lazy\" decoding=\"async\" width=\"797\" height=\"600\" src=\"https:\/\/seyssel74.com\/wp-content\/uploads\/2025\/07\/Pot-depart-mme-puech-directrice-ecole-Seyssel-juillet-2025-CM-enfants.jpg\" alt=\"\" class=\"wp-image-21092\" srcset=\"https:\/\/seyssel74.com\/wp-content\/uploads\/2025\/07\/Pot-depart-mme-puech-directrice-ecole-Seyssel-juillet-2025-CM-enfants.jpg 797w, https:\/\/seyssel74.com\/wp-content\/uploads\/2025\/07\/Pot-depart-mme-puech-directrice-ecole-Seyssel-juillet-2025-CM-enfants-300x226.jpg 300w, https:\/\/seyssel74.com\/wp-content\/uploads\/2025\/07\/Pot-depart-mme-puech-directrice-ecole-Seyssel-juillet-2025-CM-enfants-768x578.jpg 768w\" sizes=\"auto, (max-width: 797px) 100vw, 797px\" \/><\/figure>\n\n\n\n<figure class=\"wp-block-image size-full\"><img loading=\"lazy\" decoding=\"async\" width=\"800\" height=\"600\" src=\"https:\/\/seyssel74.com\/wp-content\/uploads\/2025\/07\/Pot-depart-mme-c-puech-directrice-ecole-Seyssel-07.2025.jpg\" alt=\"\" class=\"wp-image-21087\" srcset=\"https:\/\/seyssel74.com\/wp-content\/uploads\/2025\/07\/Pot-depart-mme-c-puech-directrice-ecole-Seyssel-07.2025.jpg 800w, https:\/\/seyssel74.com\/wp-content\/uploads\/2025\/07\/Pot-depart-mme-c-puech-directrice-ecole-Seyssel-07.2025-300x225.jpg 300w, https:\/\/seyssel74.com\/wp-content\/uploads\/2025\/07\/Pot-depart-mme-c-puech-directrice-ecole-Seyssel-07.2025-768x576.jpg 768w\" sizes=\"auto, (max-width: 800px) 100vw, 800px\" \/><\/figure>\n\n\n\n<figure class=\"wp-block-image size-full is-resized\"><img loading=\"lazy\" decoding=\"async\" width=\"797\" height=\"600\" src=\"https:\/\/seyssel74.com\/wp-content\/uploads\/2025\/07\/Pot-depart-mme-puech-directrice-ecole-Seyssel-juillet.2025.jpg\" alt=\"\" class=\"wp-image-21095\" style=\"width:840px;height:auto\" srcset=\"https:\/\/seyssel74.com\/wp-content\/uploads\/2025\/07\/Pot-depart-mme-puech-directrice-ecole-Seyssel-juillet.2025.jpg 797w, https:\/\/seyssel74.com\/wp-content\/uploads\/2025\/07\/Pot-depart-mme-puech-directrice-ecole-Seyssel-juillet.2025-300x226.jpg 300w, https:\/\/seyssel74.com\/wp-content\/uploads\/2025\/07\/Pot-depart-mme-puech-directrice-ecole-Seyssel-juillet.2025-768x578.jpg 768w\" sizes=\"auto, (max-width: 797px) 100vw, 797px\" \/><\/figure>\n\n\n\n<figure class=\"wp-block-image size-full\"><img loading=\"lazy\" decoding=\"async\" width=\"800\" height=\"600\" src=\"https:\/\/seyssel74.com\/wp-content\/uploads\/2025\/07\/Pot-depart-mme-puech-directrice-ecole-Seyssel-juillet-2025-FZ.jpg\" alt=\"\" class=\"wp-image-21093\" srcset=\"https:\/\/seyssel74.com\/wp-content\/uploads\/2025\/07\/Pot-depart-mme-puech-directrice-ecole-Seyssel-juillet-2025-FZ.jpg 800w, https:\/\/seyssel74.com\/wp-content\/uploads\/2025\/07\/Pot-depart-mme-puech-directrice-ecole-Seyssel-juillet-2025-FZ-300x225.jpg 300w, https:\/\/seyssel74.com\/wp-content\/uploads\/2025\/07\/Pot-depart-mme-puech-directrice-ecole-Seyssel-juillet-2025-FZ-768x576.jpg 768w\" sizes=\"auto, (max-width: 800px) 100vw, 800px\" \/><\/figure>\n\n\n\n<figure class=\"wp-block-image size-full\"><img loading=\"lazy\" decoding=\"async\" width=\"797\" height=\"600\" src=\"https:\/\/seyssel74.com\/wp-content\/uploads\/2025\/07\/Pot-depart-mme-puech-dir-ecole-Seyssel-juillet-2025.jpg\" alt=\"\" class=\"wp-image-21088\" srcset=\"https:\/\/seyssel74.com\/wp-content\/uploads\/2025\/07\/Pot-depart-mme-puech-dir-ecole-Seyssel-juillet-2025.jpg 797w, https:\/\/seyssel74.com\/wp-content\/uploads\/2025\/07\/Pot-depart-mme-puech-dir-ecole-Seyssel-juillet-2025-300x226.jpg 300w, https:\/\/seyssel74.com\/wp-content\/uploads\/2025\/07\/Pot-depart-mme-puech-dir-ecole-Seyssel-juillet-2025-768x578.jpg 768w\" sizes=\"auto, (max-width: 797px) 100vw, 797px\" \/><\/figure>\n\n\n\n<figure class=\"wp-block-image size-full\"><img loading=\"lazy\" decoding=\"async\" width=\"800\" height=\"600\" src=\"https:\/\/seyssel74.com\/wp-content\/uploads\/2025\/07\/Pot-depart-claire-puech-directrice-ecole-Seyssel-juillet-2025.jpg\" alt=\"\" class=\"wp-image-21085\" srcset=\"https:\/\/seyssel74.com\/wp-content\/uploads\/2025\/07\/Pot-depart-claire-puech-directrice-ecole-Seyssel-juillet-2025.jpg 800w, https:\/\/seyssel74.com\/wp-content\/uploads\/2025\/07\/Pot-depart-claire-puech-directrice-ecole-Seyssel-juillet-2025-300x225.jpg 300w, https:\/\/seyssel74.com\/wp-content\/uploads\/2025\/07\/Pot-depart-claire-puech-directrice-ecole-Seyssel-juillet-2025-768x576.jpg 768w\" sizes=\"auto, (max-width: 800px) 100vw, 800px\" \/><\/figure>\n\n\n\n<figure class=\"wp-block-image size-full\"><img loading=\"lazy\" decoding=\"async\" width=\"797\" height=\"600\" src=\"https:\/\/seyssel74.com\/wp-content\/uploads\/2025\/07\/Pot-depart-mme-c-puech-dir-ecole-Seyssel-juillet-2025.jpg\" alt=\"\" class=\"wp-image-21086\" srcset=\"https:\/\/seyssel74.com\/wp-content\/uploads\/2025\/07\/Pot-depart-mme-c-puech-dir-ecole-Seyssel-juillet-2025.jpg 797w, https:\/\/seyssel74.com\/wp-content\/uploads\/2025\/07\/Pot-depart-mme-c-puech-dir-ecole-Seyssel-juillet-2025-300x226.jpg 300w, https:\/\/seyssel74.com\/wp-content\/uploads\/2025\/07\/Pot-depart-mme-c-puech-dir-ecole-Seyssel-juillet-2025-768x578.jpg 768w\" sizes=\"auto, (max-width: 797px) 100vw, 797px\" \/><\/figure>\n\n\n\n<figure class=\"wp-block-image size-full\"><img loading=\"lazy\" decoding=\"async\" width=\"797\" height=\"600\" src=\"https:\/\/seyssel74.com\/wp-content\/uploads\/2025\/07\/Pot-depart-mme-puech-directrice-ecole-Seyssel-07.2025.jpg\" alt=\"\" class=\"wp-image-21091\" srcset=\"https:\/\/seyssel74.com\/wp-content\/uploads\/2025\/07\/Pot-depart-mme-puech-directrice-ecole-Seyssel-07.2025.jpg 797w, https:\/\/seyssel74.com\/wp-content\/uploads\/2025\/07\/Pot-depart-mme-puech-directrice-ecole-Seyssel-07.2025-300x226.jpg 300w, https:\/\/seyssel74.com\/wp-content\/uploads\/2025\/07\/Pot-depart-mme-puech-directrice-ecole-Seyssel-07.2025-768x578.jpg 768w\" sizes=\"auto, (max-width: 797px) 100vw, 797px\" \/><\/figure>\n\n\n\n<p><br><br>Ce m\u00eame-jour marquait \u00e9galement le d\u00e9part \u00e0 la retraite de maitresse Dani\u00e8le (Machart) de l&rsquo;\u00e9cole maternelle, appr\u00e9ci\u00e9e de tous, qui a fait la plus grosse partie de sa carri\u00e8re \u00e0 Seyssel pendant une vingtaine d&rsquo;ann\u00e9es. Une belle retraite bien m\u00e9rit\u00e9e apr\u00e8s une carri\u00e8re d\u00e9di\u00e9e aux enfants.<\/p>\n\n\n\n<figure class=\"wp-block-image size-large\"><img loading=\"lazy\" decoding=\"async\" width=\"1024\" height=\"1024\" src=\"https:\/\/seyssel74.com\/wp-content\/uploads\/2025\/07\/Depart-retraite-maitre-Daniele-maternelle-Seyssel-juillet-2025-1024x1024.jpg\" alt=\"\" class=\"wp-image-21084\" srcset=\"https:\/\/seyssel74.com\/wp-content\/uploads\/2025\/07\/Depart-retraite-maitre-Daniele-maternelle-Seyssel-juillet-2025-1024x1024.jpg 1024w, https:\/\/seyssel74.com\/wp-content\/uploads\/2025\/07\/Depart-retraite-maitre-Daniele-maternelle-Seyssel-juillet-2025-300x300.jpg 300w, https:\/\/seyssel74.com\/wp-content\/uploads\/2025\/07\/Depart-retraite-maitre-Daniele-maternelle-Seyssel-juillet-2025-150x150.jpg 150w, https:\/\/seyssel74.com\/wp-content\/uploads\/2025\/07\/Depart-retraite-maitre-Daniele-maternelle-Seyssel-juillet-2025-768x768.jpg 768w, https:\/\/seyssel74.com\/wp-content\/uploads\/2025\/07\/Depart-retraite-maitre-Daniele-maternelle-Seyssel-juillet-2025-600x600.jpg 600w, https:\/\/seyssel74.com\/wp-content\/uploads\/2025\/07\/Depart-retraite-maitre-Daniele-maternelle-Seyssel-juillet-2025.jpg 1100w\" sizes=\"auto, (max-width: 1024px) 100vw, 1024px\" \/><figcaption class=\"wp-element-caption\">maitresse Daniele<\/figcaption><\/figure>\n\n\n\n<figure class=\"wp-block-image size-full\"><img loading=\"lazy\" decoding=\"async\" width=\"1332\" height=\"1000\" src=\"https:\/\/seyssel74.com\/wp-content\/uploads\/2025\/07\/Pot-depart-mme-puech-directrice-ecole-Seyssel-juillet-2025.jpg\" alt=\"\" class=\"wp-image-21094\" srcset=\"https:\/\/seyssel74.com\/wp-content\/uploads\/2025\/07\/Pot-depart-mme-puech-directrice-ecole-Seyssel-juillet-2025.jpg 1332w, https:\/\/seyssel74.com\/wp-content\/uploads\/2025\/07\/Pot-depart-mme-puech-directrice-ecole-Seyssel-juillet-2025-300x225.jpg 300w, https:\/\/seyssel74.com\/wp-content\/uploads\/2025\/07\/Pot-depart-mme-puech-directrice-ecole-Seyssel-juillet-2025-768x577.jpg 768w\" sizes=\"auto, (max-width: 1332px) 100vw, 1332px\" \/><\/figure>\n","protected":false},"excerpt":{"rendered":"<p>Vendredi 4 juillet, \u00e0 la veille des grandes vacances, un pot de d\u00e9part s\u2019est tenu dans la cour de l\u2019\u00e9cole Jules Coissard \u00e0 Seyssel. Parents d\u2019\u00e9l\u00e8ves, \u00e9lus, agents p\u00e9riscolaires, enseignants, membres du projet TER, repr\u00e9sentants du coll\u00e8ge, conseil municipal des enfants, \u00e9taient r\u00e9unis pour rendre hommage \u00e0 Mme Puech, directrice de l\u2019\u00e9tablissement, qui s\u2019appr\u00eate \u00e0 [&hellip;]<\/p>\n","protected":false},"author":1,"featured_media":0,"comment_status":"open","ping_status":"open","sticky":false,"template":"","format":"standard","meta":{"ocean_post_layout":"","ocean_both_sidebars_style":"","ocean_both_sidebars_content_width":0,"ocean_both_sidebars_sidebars_width":0,"ocean_sidebar":"","ocean_second_sidebar":"","ocean_disable_margins":"enable","ocean_add_body_class":"","ocean_shortcode_before_top_bar":"","ocean_shortcode_after_top_bar":"","ocean_shortcode_before_header":"","ocean_shortcode_after_header":"","ocean_has_shortcode":"","ocean_shortcode_after_title":"","ocean_shortcode_before_footer_widgets":"","ocean_shortcode_after_footer_widgets":"","ocean_shortcode_before_footer_bottom":"","ocean_shortcode_after_footer_bottom":"","ocean_display_top_bar":"default","ocean_display_header":"default","ocean_header_style":"","ocean_center_header_left_menu":"","ocean_custom_header_template":"","ocean_custom_logo":0,"ocean_custom_retina_logo":0,"ocean_custom_logo_max_width":0,"ocean_custom_logo_tablet_max_width":0,"ocean_custom_logo_mobile_max_width":0,"ocean_custom_logo_max_height":0,"ocean_custom_logo_tablet_max_height":0,"ocean_custom_logo_mobile_max_height":0,"ocean_header_custom_menu":"","ocean_menu_typo_font_family":"","ocean_menu_typo_font_subset":"","ocean_menu_typo_font_size":0,"ocean_menu_typo_font_size_tablet":0,"ocean_menu_typo_font_size_mobile":0,"ocean_menu_typo_font_size_unit":"px","ocean_menu_typo_font_weight":"","ocean_menu_typo_font_weight_tablet":"","ocean_menu_typo_font_weight_mobile":"","ocean_menu_typo_transform":"","ocean_menu_typo_transform_tablet":"","ocean_menu_typo_transform_mobile":"","ocean_menu_typo_line_height":0,"ocean_menu_typo_line_height_tablet":0,"ocean_menu_typo_line_height_mobile":0,"ocean_menu_typo_line_height_unit":"","ocean_menu_typo_spacing":0,"ocean_menu_typo_spacing_tablet":0,"ocean_menu_typo_spacing_mobile":0,"ocean_menu_typo_spacing_unit":"","ocean_menu_link_color":"","ocean_menu_link_color_hover":"","ocean_menu_link_color_active":"","ocean_menu_link_background":"","ocean_menu_link_hover_background":"","ocean_menu_link_active_background":"","ocean_menu_social_links_bg":"","ocean_menu_social_hover_links_bg":"","ocean_menu_social_links_color":"","ocean_menu_social_hover_links_color":"","ocean_disable_title":"default","ocean_disable_heading":"default","ocean_post_title":"","ocean_post_subheading":"","ocean_post_title_style":"","ocean_post_title_background_color":"","ocean_post_title_background":0,"ocean_post_title_bg_image_position":"","ocean_post_title_bg_image_attachment":"","ocean_post_title_bg_image_repeat":"","ocean_post_title_bg_image_size":"","ocean_post_title_height":0,"ocean_post_title_bg_overlay":0.5,"ocean_post_title_bg_overlay_color":"","ocean_disable_breadcrumbs":"default","ocean_breadcrumbs_color":"","ocean_breadcrumbs_separator_color":"","ocean_breadcrumbs_links_color":"","ocean_breadcrumbs_links_hover_color":"","ocean_display_footer_widgets":"default","ocean_display_footer_bottom":"default","ocean_custom_footer_template":"","ofc_meta_disable_footer_callout":"","ofc_meta_callout_button_url":"","ofc_meta_callout_button_txt":"","ofc_meta_callout_text":"","ofc_enable_fullscreen":"disable","ofc_fullscreen_speed":0,"ofc_fullscreen_nav":"enable","ofc_fullscreen_nav_pos":"right","ofc_fullscreen_nav_color":"","ofc_fullscreen_nav_tooltip_color":"","ofc_fullscreen_responsive":0,"osp_disable_panel":"default","osh_disable_topbar_sticky":"default","osh_disable_header_sticky":"default","osh_sticky_header_style":"default","osh_sticky_header_effect":"","osh_custom_sticky_logo":0,"osh_custom_retina_sticky_logo":0,"osh_custom_sticky_logo_height":0,"osh_background_color":"","osh_links_color":"","osh_links_hover_color":"","osh_links_active_color":"","osh_links_bg_color":"","osh_links_hover_bg_color":"","osh_links_active_bg_color":"","osh_menu_social_links_color":"","osh_menu_social_hover_links_color":"","ocean_post_oembed":"","ocean_post_self_hosted_media":"","ocean_post_video_embed":"","ocean_link_format":"","ocean_link_format_target":"self","ocean_quote_format":"","ocean_quote_format_link":"post","ocean_gallery_link_images":"on","ocean_gallery_id":[],"footnotes":""},"categories":[40],"tags":[28],"class_list":["post-21083","post","type-post","status-publish","format-standard","hentry","category-ecole","tag-ecole","entry"],"_links":{"self":[{"href":"https:\/\/seyssel74.com\/index.php\/wp-json\/wp\/v2\/posts\/21083","targetHints":{"allow":["GET"]}}],"collection":[{"href":"https:\/\/seyssel74.com\/index.php\/wp-json\/wp\/v2\/posts"}],"about":[{"href":"https:\/\/seyssel74.com\/index.php\/wp-json\/wp\/v2\/types\/post"}],"author":[{"embeddable":true,"href":"https:\/\/seyssel74.com\/index.php\/wp-json\/wp\/v2\/users\/1"}],"replies":[{"embeddable":true,"href":"https:\/\/seyssel74.com\/index.php\/wp-json\/wp\/v2\/comments?post=21083"}],"version-history":[{"count":1,"href":"https:\/\/seyssel74.com\/index.php\/wp-json\/wp\/v2\/posts\/21083\/revisions"}],"predecessor-version":[{"id":21096,"href":"https:\/\/seyssel74.com\/index.php\/wp-json\/wp\/v2\/posts\/21083\/revisions\/21096"}],"wp:attachment":[{"href":"https:\/\/seyssel74.com\/index.php\/wp-json\/wp\/v2\/media?parent=21083"}],"wp:term":[{"taxonomy":"category","embeddable":true,"href":"https:\/\/seyssel74.com\/index.php\/wp-json\/wp\/v2\/categories?post=21083"},{"taxonomy":"post_tag","embeddable":true,"href":"https:\/\/seyssel74.com\/index.php\/wp-json\/wp\/v2\/tags?post=21083"}],"curies":[{"name":"wp","href":"https:\/\/api.w.org\/{rel}","templated":true}]}}