{"id":20515,"date":"2025-06-09T20:55:54","date_gmt":"2025-06-09T18:55:54","guid":{"rendered":"https:\/\/seyssel74.com\/?p=20515"},"modified":"2025-06-09T20:55:54","modified_gmt":"2025-06-09T18:55:54","slug":"lancement-de-loperation-septembre-en-or-avec-les-pompiers-de-lain-et-de-la-haute-savoie","status":"publish","type":"post","link":"https:\/\/seyssel74.com\/index.php\/2025\/06\/09\/lancement-de-loperation-septembre-en-or-avec-les-pompiers-de-lain-et-de-la-haute-savoie\/","title":{"rendered":"Lancement de l&rsquo;op\u00e9ration Septembre en Or avec les pompiers de l&rsquo;Ain et de la Haute-Savoie"},"content":{"rendered":"\n<p>Dans le cadre de la 3\u00e8 \u00e9dition de l\u2019op\u00e9ration <strong>\u00ab\u00a0Septembre en Or &#8211; Le Ch\u00e9ran Usses et Rh\u00f4ne 2025\u00a0\u00bb<\/strong>, les sapeurs-pompiers de l\u2019Ain et de la Haute-Savoie se mobilisent pour soutenir la lutte contre les cancers p\u00e9diatriques.<br>Ces derniers jours, deux temps forts se sont tenus \u00e0 <strong>Seyssel <\/strong>afin de lancer cette op\u00e9ration caritative. L&rsquo;un \u00e0 la caserne des pompiers de Seyssel Ain, et l&rsquo;autre \u00e0 Seyssel Haute-Savoie \u00e0 l&#8217;emplacement du O Pat&rsquo;s FoodTruck. En pr\u00e9sence notamment de l&rsquo;Adjoint d\u00e9l\u00e9gu\u00e9 aux associations F.Zuccalli, de <strong>La Team J&rsquo;adore Ct&rsquo;ambiance<\/strong> autour de son pr\u00e9sident Y.Saillet, et du pompier Y.Chazalette \u00e0 l&rsquo;origine de cette initiative.<\/p>\n\n\n\n<p>Chaque ann\u00e9e, 2 500 enfants et adolescents sont diagnostiqu\u00e9s d\u2019un cancer en France. Si plus de 80 % en gu\u00e9rissent, 2 sur 3 conservent des s\u00e9quelles. Pour r\u00e9colter des fonds au profit de la <strong>Ligue nationale contre le cancer<\/strong>, une s\u00e9rie de soir\u00e9es caritatives se tiendra tout au long du mois de septembre dans 14 communes de la r\u00e9gion.<\/p>\n\n\n\n<p>Au programme : animations, concerts, buvettes, pr\u00e9sence d&rsquo;associations, et de<strong> <\/strong>12 foodtrucks reversant un euro par plat vendu, ainsi qu\u2019un tirage au sort avec, \u00e0 la cl\u00e9, un troph\u00e9e r\u00e9alis\u00e9 b\u00e9n\u00e9volement par l\u2019artiste C.Ponsot et le tailleur de pierre J.Cl\u00e9ment, comprenant un casque de pompier offert par le SDIS 74.<\/p>\n\n\n\n<p>Les municipalit\u00e9s engag\u00e9es, dont Seyssel, mettront des locaux \u00e0 disposition pour accueillir le public et permettre la tenue de conf\u00e9rences m\u00e9dicales. Parmi les intervenants annonc\u00e9s figurent le docteur Jean Datchary, pr\u00e9sident de la ligue contre le cancer de Haute-Savoie, la chercheuse Marie Castets ainsi que des chercheurs du r\u00e9seau React-4Kids.<br>Rendez-vous le jeudi 11 septembre \u00e0 la salle des f\u00eates pour la soir\u00e9e solidaire organis\u00e9e \u00e0 Seyssel.<\/p>\n\n\n\n<p>L\u2019initiative allie solidarit\u00e9, sensibilisation et engagement local pour une cause vitale : aider les enfants atteints de cancer et soutenir la recherche.<\/p>\n\n\n\n<figure class=\"wp-block-image size-full\"><img loading=\"lazy\" decoding=\"async\" width=\"1405\" height=\"700\" src=\"https:\/\/seyssel74.com\/wp-content\/uploads\/2025\/06\/Lancement-Sept-Or-Seyssel-HauteSavoie-05.06.2025-Y.Chazalette.jpg\" alt=\"\" class=\"wp-image-20516\" srcset=\"https:\/\/seyssel74.com\/wp-content\/uploads\/2025\/06\/Lancement-Sept-Or-Seyssel-HauteSavoie-05.06.2025-Y.Chazalette.jpg 1405w, https:\/\/seyssel74.com\/wp-content\/uploads\/2025\/06\/Lancement-Sept-Or-Seyssel-HauteSavoie-05.06.2025-Y.Chazalette-300x149.jpg 300w, https:\/\/seyssel74.com\/wp-content\/uploads\/2025\/06\/Lancement-Sept-Or-Seyssel-HauteSavoie-05.06.2025-Y.Chazalette-768x383.jpg 768w\" sizes=\"auto, (max-width: 1405px) 100vw, 1405px\" \/><figcaption class=\"wp-element-caption\">Lancement de Septembre en Or et pr\u00e9sentation de l&rsquo;affiche sp\u00e9cifique pour Seyssel<\/figcaption><\/figure>\n\n\n\n<figure class=\"wp-block-image size-full\"><img loading=\"lazy\" decoding=\"async\" width=\"600\" height=\"848\" src=\"https:\/\/seyssel74.com\/wp-content\/uploads\/2025\/06\/affiche-SEPTEMBRE-EN-OR-2025-seyssel.jpg\" alt=\"\" class=\"wp-image-20517\" srcset=\"https:\/\/seyssel74.com\/wp-content\/uploads\/2025\/06\/affiche-SEPTEMBRE-EN-OR-2025-seyssel.jpg 600w, https:\/\/seyssel74.com\/wp-content\/uploads\/2025\/06\/affiche-SEPTEMBRE-EN-OR-2025-seyssel-212x300.jpg 212w\" sizes=\"auto, (max-width: 600px) 100vw, 600px\" \/><\/figure>\n\n\n\n<figure class=\"wp-block-image size-full\"><img loading=\"lazy\" decoding=\"async\" width=\"1600\" height=\"856\" src=\"https:\/\/seyssel74.com\/wp-content\/uploads\/2025\/06\/lancement-operation-Septembre-en-or-Seyssel-Ain-24.05.2025-photo-groupe.jpg\" alt=\"\" class=\"wp-image-20527\" srcset=\"https:\/\/seyssel74.com\/wp-content\/uploads\/2025\/06\/lancement-operation-Septembre-en-or-Seyssel-Ain-24.05.2025-photo-groupe.jpg 1600w, https:\/\/seyssel74.com\/wp-content\/uploads\/2025\/06\/lancement-operation-Septembre-en-or-Seyssel-Ain-24.05.2025-photo-groupe-300x161.jpg 300w, https:\/\/seyssel74.com\/wp-content\/uploads\/2025\/06\/lancement-operation-Septembre-en-or-Seyssel-Ain-24.05.2025-photo-groupe-768x411.jpg 768w, https:\/\/seyssel74.com\/wp-content\/uploads\/2025\/06\/lancement-operation-Septembre-en-or-Seyssel-Ain-24.05.2025-photo-groupe-1536x822.jpg 1536w\" sizes=\"auto, (max-width: 1600px) 100vw, 1600px\" \/><figcaption class=\"wp-element-caption\">La photo de groupe, en pr\u00e9sence de l&rsquo;Etablissement d&rsquo;Accueil M\u00e9dicalis\u00e9 la Ferme des Roches (Chaumont)<\/figcaption><\/figure>\n\n\n\n<figure class=\"wp-block-image size-full\"><img loading=\"lazy\" decoding=\"async\" width=\"1157\" height=\"392\" src=\"https:\/\/seyssel74.com\/wp-content\/uploads\/2025\/06\/recap-Septembre-en-OR-2025.jpg\" alt=\"\" class=\"wp-image-20519\" srcset=\"https:\/\/seyssel74.com\/wp-content\/uploads\/2025\/06\/recap-Septembre-en-OR-2025.jpg 1157w, https:\/\/seyssel74.com\/wp-content\/uploads\/2025\/06\/recap-Septembre-en-OR-2025-300x102.jpg 300w, https:\/\/seyssel74.com\/wp-content\/uploads\/2025\/06\/recap-Septembre-en-OR-2025-768x260.jpg 768w\" sizes=\"auto, (max-width: 1157px) 100vw, 1157px\" \/><\/figure>\n\n\n\n<figure class=\"wp-block-image size-full\"><img loading=\"lazy\" decoding=\"async\" width=\"1040\" height=\"500\" src=\"https:\/\/seyssel74.com\/wp-content\/uploads\/2025\/06\/presentaiton-Septembre-en-or-Seyssel-Ain-24.05.2025-FZ.jpg\" alt=\"\" class=\"wp-image-20523\" srcset=\"https:\/\/seyssel74.com\/wp-content\/uploads\/2025\/06\/presentaiton-Septembre-en-or-Seyssel-Ain-24.05.2025-FZ.jpg 1040w, https:\/\/seyssel74.com\/wp-content\/uploads\/2025\/06\/presentaiton-Septembre-en-or-Seyssel-Ain-24.05.2025-FZ-300x144.jpg 300w, https:\/\/seyssel74.com\/wp-content\/uploads\/2025\/06\/presentaiton-Septembre-en-or-Seyssel-Ain-24.05.2025-FZ-768x369.jpg 768w\" sizes=\"auto, (max-width: 1040px) 100vw, 1040px\" \/><figcaption class=\"wp-element-caption\">Accueil par S.Vinet chef de centre des pompiers de Seyssel 01<\/figcaption><\/figure>\n\n\n\n<figure class=\"wp-block-image size-full\"><img loading=\"lazy\" decoding=\"async\" width=\"1256\" height=\"426\" src=\"https:\/\/seyssel74.com\/wp-content\/uploads\/2025\/06\/Lutte-contre-cancer-pediatrique-Spt-Or-2025.jpg\" alt=\"\" class=\"wp-image-20518\" srcset=\"https:\/\/seyssel74.com\/wp-content\/uploads\/2025\/06\/Lutte-contre-cancer-pediatrique-Spt-Or-2025.jpg 1256w, https:\/\/seyssel74.com\/wp-content\/uploads\/2025\/06\/Lutte-contre-cancer-pediatrique-Spt-Or-2025-300x102.jpg 300w, https:\/\/seyssel74.com\/wp-content\/uploads\/2025\/06\/Lutte-contre-cancer-pediatrique-Spt-Or-2025-768x260.jpg 768w\" sizes=\"auto, (max-width: 1256px) 100vw, 1256px\" \/><\/figure>\n\n\n\n<figure class=\"wp-block-image size-full\"><img loading=\"lazy\" decoding=\"async\" width=\"1002\" height=\"550\" src=\"https:\/\/seyssel74.com\/wp-content\/uploads\/2025\/06\/presentaiton-affiches-Septembre-en-or-Seyssel-Ain-24.05.2025-FZ.jpg\" alt=\"\" class=\"wp-image-20525\" srcset=\"https:\/\/seyssel74.com\/wp-content\/uploads\/2025\/06\/presentaiton-affiches-Septembre-en-or-Seyssel-Ain-24.05.2025-FZ.jpg 1002w, https:\/\/seyssel74.com\/wp-content\/uploads\/2025\/06\/presentaiton-affiches-Septembre-en-or-Seyssel-Ain-24.05.2025-FZ-300x165.jpg 300w, https:\/\/seyssel74.com\/wp-content\/uploads\/2025\/06\/presentaiton-affiches-Septembre-en-or-Seyssel-Ain-24.05.2025-FZ-768x422.jpg 768w\" sizes=\"auto, (max-width: 1002px) 100vw, 1002px\" \/><figcaption class=\"wp-element-caption\">Pr\u00e9sentation de l&rsquo;affiche par Yannick Chazelette<\/figcaption><\/figure>\n\n\n\n<figure class=\"wp-block-image size-full\"><img loading=\"lazy\" decoding=\"async\" width=\"797\" height=\"600\" src=\"https:\/\/seyssel74.com\/wp-content\/uploads\/2025\/06\/presentaiton-trophee-Septembre-en-or-Seyssel-Ain-24.05.2025-FZ.jpg\" alt=\"\" class=\"wp-image-20521\" srcset=\"https:\/\/seyssel74.com\/wp-content\/uploads\/2025\/06\/presentaiton-trophee-Septembre-en-or-Seyssel-Ain-24.05.2025-FZ.jpg 797w, https:\/\/seyssel74.com\/wp-content\/uploads\/2025\/06\/presentaiton-trophee-Septembre-en-or-Seyssel-Ain-24.05.2025-FZ-300x226.jpg 300w, https:\/\/seyssel74.com\/wp-content\/uploads\/2025\/06\/presentaiton-trophee-Septembre-en-or-Seyssel-Ain-24.05.2025-FZ-768x578.jpg 768w\" sizes=\"auto, (max-width: 797px) 100vw, 797px\" \/><figcaption class=\"wp-element-caption\">Pr\u00e9sentation du troph\u00e9e par les artistes<\/figcaption><\/figure>\n\n\n\n<figure class=\"wp-block-image size-full\"><img loading=\"lazy\" decoding=\"async\" width=\"800\" height=\"600\" src=\"https:\/\/seyssel74.com\/wp-content\/uploads\/2025\/06\/lancement-Septembre-en-or-Seyssel-Ain-24.05.2025-FZ.jpg\" alt=\"\" class=\"wp-image-20520\" srcset=\"https:\/\/seyssel74.com\/wp-content\/uploads\/2025\/06\/lancement-Septembre-en-or-Seyssel-Ain-24.05.2025-FZ.jpg 800w, https:\/\/seyssel74.com\/wp-content\/uploads\/2025\/06\/lancement-Septembre-en-or-Seyssel-Ain-24.05.2025-FZ-300x225.jpg 300w, https:\/\/seyssel74.com\/wp-content\/uploads\/2025\/06\/lancement-Septembre-en-or-Seyssel-Ain-24.05.2025-FZ-768x576.jpg 768w\" sizes=\"auto, (max-width: 800px) 100vw, 800px\" \/><figcaption class=\"wp-element-caption\">Les acteurs locaux et les associations lors du lancement<\/figcaption><\/figure>\n\n\n\n<figure class=\"wp-block-image size-full\"><img loading=\"lazy\" decoding=\"async\" width=\"600\" height=\"797\" src=\"https:\/\/seyssel74.com\/wp-content\/uploads\/2025\/06\/Trophee-Septembre-en-Or-2025.jpg\" alt=\"\" class=\"wp-image-20522\" srcset=\"https:\/\/seyssel74.com\/wp-content\/uploads\/2025\/06\/Trophee-Septembre-en-Or-2025.jpg 600w, https:\/\/seyssel74.com\/wp-content\/uploads\/2025\/06\/Trophee-Septembre-en-Or-2025-226x300.jpg 226w\" sizes=\"auto, (max-width: 600px) 100vw, 600px\" \/><figcaption class=\"wp-element-caption\">Troph\u00e9e avec un casque F1 pompier<\/figcaption><\/figure>\n\n\n\n<figure class=\"wp-block-image size-full\"><img loading=\"lazy\" decoding=\"async\" width=\"800\" height=\"600\" src=\"https:\/\/seyssel74.com\/wp-content\/uploads\/2025\/06\/point-orga-sept-or-2025-salle-des-fetes.jpg\" alt=\"\" class=\"wp-image-20524\" srcset=\"https:\/\/seyssel74.com\/wp-content\/uploads\/2025\/06\/point-orga-sept-or-2025-salle-des-fetes.jpg 800w, https:\/\/seyssel74.com\/wp-content\/uploads\/2025\/06\/point-orga-sept-or-2025-salle-des-fetes-300x225.jpg 300w, https:\/\/seyssel74.com\/wp-content\/uploads\/2025\/06\/point-orga-sept-or-2025-salle-des-fetes-768x576.jpg 768w\" sizes=\"auto, (max-width: 800px) 100vw, 800px\" \/><figcaption class=\"wp-element-caption\">Point organisation \u00e0 la salle des f\u00eates de Seyssel pour le jeudi 11 septembre 2025<\/figcaption><\/figure>\n\n\n\n<figure class=\"wp-block-image size-full\"><img loading=\"lazy\" decoding=\"async\" width=\"1600\" height=\"750\" src=\"https:\/\/seyssel74.com\/wp-content\/uploads\/2025\/06\/lancement-Septembre-en-or-Seyssel-Ain-24.05.2025-photo-groupe.jpg\" alt=\"\" class=\"wp-image-20526\" srcset=\"https:\/\/seyssel74.com\/wp-content\/uploads\/2025\/06\/lancement-Septembre-en-or-Seyssel-Ain-24.05.2025-photo-groupe.jpg 1600w, https:\/\/seyssel74.com\/wp-content\/uploads\/2025\/06\/lancement-Septembre-en-or-Seyssel-Ain-24.05.2025-photo-groupe-300x141.jpg 300w, https:\/\/seyssel74.com\/wp-content\/uploads\/2025\/06\/lancement-Septembre-en-or-Seyssel-Ain-24.05.2025-photo-groupe-768x360.jpg 768w, https:\/\/seyssel74.com\/wp-content\/uploads\/2025\/06\/lancement-Septembre-en-or-Seyssel-Ain-24.05.2025-photo-groupe-1536x720.jpg 1536w\" sizes=\"auto, (max-width: 1600px) 100vw, 1600px\" \/><figcaption class=\"wp-element-caption\">M. l&rsquo;adjoint Florian Zuccalli aux c\u00f4t\u00e9s des partenaires de cette op\u00e9ration<\/figcaption><\/figure>\n","protected":false},"excerpt":{"rendered":"<p>Dans le cadre de la 3\u00e8 \u00e9dition de l\u2019op\u00e9ration \u00ab\u00a0Septembre en Or &#8211; Le Ch\u00e9ran Usses et Rh\u00f4ne 2025\u00a0\u00bb, les sapeurs-pompiers de l\u2019Ain et de la Haute-Savoie se mobilisent pour soutenir la lutte contre les cancers p\u00e9diatriques.Ces derniers jours, deux temps forts se sont tenus \u00e0 Seyssel afin de lancer cette op\u00e9ration caritative. L&rsquo;un \u00e0 [&hellip;]<\/p>\n","protected":false},"author":1,"featured_media":0,"comment_status":"open","ping_status":"open","sticky":false,"template":"","format":"standard","meta":{"ocean_post_layout":"","ocean_both_sidebars_style":"","ocean_both_sidebars_content_width":0,"ocean_both_sidebars_sidebars_width":0,"ocean_sidebar":"","ocean_second_sidebar":"","ocean_disable_margins":"enable","ocean_add_body_class":"","ocean_shortcode_before_top_bar":"","ocean_shortcode_after_top_bar":"","ocean_shortcode_before_header":"","ocean_shortcode_after_header":"","ocean_has_shortcode":"","ocean_shortcode_after_title":"","ocean_shortcode_before_footer_widgets":"","ocean_shortcode_after_footer_widgets":"","ocean_shortcode_before_footer_bottom":"","ocean_shortcode_after_footer_bottom":"","ocean_display_top_bar":"default","ocean_display_header":"default","ocean_header_style":"","ocean_center_header_left_menu":"","ocean_custom_header_template":"","ocean_custom_logo":0,"ocean_custom_retina_logo":0,"ocean_custom_logo_max_width":0,"ocean_custom_logo_tablet_max_width":0,"ocean_custom_logo_mobile_max_width":0,"ocean_custom_logo_max_height":0,"ocean_custom_logo_tablet_max_height":0,"ocean_custom_logo_mobile_max_height":0,"ocean_header_custom_menu":"","ocean_menu_typo_font_family":"","ocean_menu_typo_font_subset":"","ocean_menu_typo_font_size":0,"ocean_menu_typo_font_size_tablet":0,"ocean_menu_typo_font_size_mobile":0,"ocean_menu_typo_font_size_unit":"px","ocean_menu_typo_font_weight":"","ocean_menu_typo_font_weight_tablet":"","ocean_menu_typo_font_weight_mobile":"","ocean_menu_typo_transform":"","ocean_menu_typo_transform_tablet":"","ocean_menu_typo_transform_mobile":"","ocean_menu_typo_line_height":0,"ocean_menu_typo_line_height_tablet":0,"ocean_menu_typo_line_height_mobile":0,"ocean_menu_typo_line_height_unit":"","ocean_menu_typo_spacing":0,"ocean_menu_typo_spacing_tablet":0,"ocean_menu_typo_spacing_mobile":0,"ocean_menu_typo_spacing_unit":"","ocean_menu_link_color":"","ocean_menu_link_color_hover":"","ocean_menu_link_color_active":"","ocean_menu_link_background":"","ocean_menu_link_hover_background":"","ocean_menu_link_active_background":"","ocean_menu_social_links_bg":"","ocean_menu_social_hover_links_bg":"","ocean_menu_social_links_color":"","ocean_menu_social_hover_links_color":"","ocean_disable_title":"default","ocean_disable_heading":"default","ocean_post_title":"","ocean_post_subheading":"","ocean_post_title_style":"","ocean_post_title_background_color":"","ocean_post_title_background":0,"ocean_post_title_bg_image_position":"","ocean_post_title_bg_image_attachment":"","ocean_post_title_bg_image_repeat":"","ocean_post_title_bg_image_size":"","ocean_post_title_height":0,"ocean_post_title_bg_overlay":0.5,"ocean_post_title_bg_overlay_color":"","ocean_disable_breadcrumbs":"default","ocean_breadcrumbs_color":"","ocean_breadcrumbs_separator_color":"","ocean_breadcrumbs_links_color":"","ocean_breadcrumbs_links_hover_color":"","ocean_display_footer_widgets":"default","ocean_display_footer_bottom":"default","ocean_custom_footer_template":"","ofc_meta_disable_footer_callout":"","ofc_meta_callout_button_url":"","ofc_meta_callout_button_txt":"","ofc_meta_callout_text":"","ofc_enable_fullscreen":"disable","ofc_fullscreen_speed":0,"ofc_fullscreen_nav":"enable","ofc_fullscreen_nav_pos":"right","ofc_fullscreen_nav_color":"","ofc_fullscreen_nav_tooltip_color":"","ofc_fullscreen_responsive":0,"osp_disable_panel":"default","osh_disable_topbar_sticky":"default","osh_disable_header_sticky":"default","osh_sticky_header_style":"default","osh_sticky_header_effect":"","osh_custom_sticky_logo":0,"osh_custom_retina_sticky_logo":0,"osh_custom_sticky_logo_height":0,"osh_background_color":"","osh_links_color":"","osh_links_hover_color":"","osh_links_active_color":"","osh_links_bg_color":"","osh_links_hover_bg_color":"","osh_links_active_bg_color":"","osh_menu_social_links_color":"","osh_menu_social_hover_links_color":"","ocean_post_oembed":"","ocean_post_self_hosted_media":"","ocean_post_video_embed":"","ocean_link_format":"","ocean_link_format_target":"self","ocean_quote_format":"","ocean_quote_format_link":"post","ocean_gallery_link_images":"on","ocean_gallery_id":[],"footnotes":""},"categories":[45,62,52,48],"tags":[32,63,54,49],"class_list":["post-20515","post","type-post","status-publish","format-standard","hentry","category-association","category-pompiers","category-sante","category-solidarite","tag-association","tag-pompiers","tag-sante","tag-solidarite","entry"],"_links":{"self":[{"href":"https:\/\/seyssel74.com\/index.php\/wp-json\/wp\/v2\/posts\/20515","targetHints":{"allow":["GET"]}}],"collection":[{"href":"https:\/\/seyssel74.com\/index.php\/wp-json\/wp\/v2\/posts"}],"about":[{"href":"https:\/\/seyssel74.com\/index.php\/wp-json\/wp\/v2\/types\/post"}],"author":[{"embeddable":true,"href":"https:\/\/seyssel74.com\/index.php\/wp-json\/wp\/v2\/users\/1"}],"replies":[{"embeddable":true,"href":"https:\/\/seyssel74.com\/index.php\/wp-json\/wp\/v2\/comments?post=20515"}],"version-history":[{"count":1,"href":"https:\/\/seyssel74.com\/index.php\/wp-json\/wp\/v2\/posts\/20515\/revisions"}],"predecessor-version":[{"id":20528,"href":"https:\/\/seyssel74.com\/index.php\/wp-json\/wp\/v2\/posts\/20515\/revisions\/20528"}],"wp:attachment":[{"href":"https:\/\/seyssel74.com\/index.php\/wp-json\/wp\/v2\/media?parent=20515"}],"wp:term":[{"taxonomy":"category","embeddable":true,"href":"https:\/\/seyssel74.com\/index.php\/wp-json\/wp\/v2\/categories?post=20515"},{"taxonomy":"post_tag","embeddable":true,"href":"https:\/\/seyssel74.com\/index.php\/wp-json\/wp\/v2\/tags?post=20515"}],"curies":[{"name":"wp","href":"https:\/\/api.w.org\/{rel}","templated":true}]}}