{"id":20206,"date":"2025-05-13T18:24:39","date_gmt":"2025-05-13T16:24:39","guid":{"rendered":"https:\/\/seyssel74.com\/?p=20206"},"modified":"2025-05-13T18:24:40","modified_gmt":"2025-05-13T16:24:40","slug":"derniere-danse-un-spectacle-poignant-sur-la-maladie-dalzheimer","status":"publish","type":"post","link":"https:\/\/seyssel74.com\/index.php\/2025\/05\/13\/derniere-danse-un-spectacle-poignant-sur-la-maladie-dalzheimer\/","title":{"rendered":"\u00ab\u00a0Derni\u00e8re danse\u00a0\u00bb un spectacle poignant sur la maladie d&rsquo;Alzheimer"},"content":{"rendered":"\n<p>Les \u00e9l\u00e8ves de la MFR du Pays de Seyssel ont assist\u00e9 \u00e0 une repr\u00e9sentation \u00e9mouvante de la Compagnie de l&rsquo;Oiseau Blanc, avec la pi\u00e8ce \u00ab\u00a0Derni\u00e8re Danse\u00a0\u00bb. En pr\u00e9sence \u00e9galement de l&rsquo;adjoint Florian Zuccalli et de plusieurs acteurs locaux du domaine m\u00e9dico-social, dont l&rsquo;association Graines d&rsquo;Amis Val des Usses repr\u00e9sent\u00e9e par le Dr Marc Couzon, et l&rsquo;association Colibri avec Agn\u00e8s Faudot et Sandra Truche. L&rsquo;EHPAD Les Jardins de l&rsquo;\u00eele accueillera d&rsquo;ailleurs la Cie l&rsquo;oiseau blanc cet \u00e9t\u00e9 pour une repr\u00e9sentation. <br><br>\u00c0 travers les personnages d&rsquo;Ad\u00e9la\u00efde et Alo\u00efs, incarn\u00e9s avec justesse par Caroline et Philippe, les jeunes ont d\u00e9couvert la relation complexe entre un malade et son aidant. Une histoire d&rsquo;amour, de patience et de r\u00e9silience qui a \u00e9mu toute la salle.<\/p>\n\n\n\n<p>Apr\u00e8s la repr\u00e9sentation, Mme Delas, b\u00e9n\u00e9vole de la section Ain de l&rsquo;association France Alzheimer, a apport\u00e9 son \u00e9clairage sur la maladie. Elle a expliqu\u00e9 ses m\u00e9canismes, soulign\u00e9 le r\u00f4le crucial des aidants (qu&rsquo;elle appelle les \u00ab\u00a0aidants\/aimants\u00a0\u00bb), et partag\u00e9 des conseils pr\u00e9cieux pour accompagner les malades au quotidien. L&rsquo;occasion aussi de d\u00e9couvrir les actions de France Alzheimer :<br>&#8211; Musicoth\u00e9rapie<br>&#8211; Groupes de parole<br>&#8211; S\u00e9jours de r\u00e9pit pour les aidants<br>&#8211; Activit\u00e9s de stimulation cognitive<\/p>\n\n\n\n<p>Un temps d&rsquo;\u00e9change riche o\u00f9 les spectateurs ont pu poser toutes leurs questions, montrant leur int\u00e9r\u00eat pour ce sujet de soci\u00e9t\u00e9 essentiel.<\/p>\n\n\n\n<p>La municipalit\u00e9 de Seyssel (74) est ravie de pouvoir mettre \u00e0 disposition le Cin\u00e9ma Le Condate pour ce type d\u2019\u00e9v\u00e9nement, ainsi que pour les autres activit\u00e9s culturelles organis\u00e9es par la MFR et ses \u00e9l\u00e8ves, ou pour accueillir les \u00e9coles du territoire. Un bel outil, que la Commune continue de d\u00e9velopper avec les Services et l\u2019association Vive le cin\u00e9ma.<\/p>\n\n\n\n<figure class=\"wp-block-image size-large\"><img loading=\"lazy\" decoding=\"async\" width=\"1360\" height=\"1024\" src=\"https:\/\/seyssel74.com\/wp-content\/uploads\/2025\/05\/spectacle-MFR-Cie-oiseau-blanc-France-Alzheimer06.05.2025-cine-Seyssel-F.Zuccalli-1360x1024.jpg\" alt=\"\" class=\"wp-image-20238\" srcset=\"https:\/\/seyssel74.com\/wp-content\/uploads\/2025\/05\/spectacle-MFR-Cie-oiseau-blanc-France-Alzheimer06.05.2025-cine-Seyssel-F.Zuccalli-1360x1024.jpg 1360w, https:\/\/seyssel74.com\/wp-content\/uploads\/2025\/05\/spectacle-MFR-Cie-oiseau-blanc-France-Alzheimer06.05.2025-cine-Seyssel-F.Zuccalli-300x226.jpg 300w, https:\/\/seyssel74.com\/wp-content\/uploads\/2025\/05\/spectacle-MFR-Cie-oiseau-blanc-France-Alzheimer06.05.2025-cine-Seyssel-F.Zuccalli-768x578.jpg 768w, https:\/\/seyssel74.com\/wp-content\/uploads\/2025\/05\/spectacle-MFR-Cie-oiseau-blanc-France-Alzheimer06.05.2025-cine-Seyssel-F.Zuccalli-1536x1157.jpg 1536w, https:\/\/seyssel74.com\/wp-content\/uploads\/2025\/05\/spectacle-MFR-Cie-oiseau-blanc-France-Alzheimer06.05.2025-cine-Seyssel-F.Zuccalli.jpg 2048w\" sizes=\"auto, (max-width: 1360px) 100vw, 1360px\" \/><\/figure>\n\n\n\n<p>Merci \u00e0 Samih, formateur \u00e0 la MFR, pour cette initiative :<\/p>\n\n\n\n<figure class=\"wp-block-image size-large\"><img loading=\"lazy\" decoding=\"async\" width=\"1360\" height=\"1024\" src=\"https:\/\/seyssel74.com\/wp-content\/uploads\/2025\/05\/spectacle-MFR-Cie-oiseau-blanc-France-Alzheimer06.05.2025-cinema-Seyssel-F.Zuccalli-1360x1024.jpg\" alt=\"\" class=\"wp-image-20237\" srcset=\"https:\/\/seyssel74.com\/wp-content\/uploads\/2025\/05\/spectacle-MFR-Cie-oiseau-blanc-France-Alzheimer06.05.2025-cinema-Seyssel-F.Zuccalli-1360x1024.jpg 1360w, https:\/\/seyssel74.com\/wp-content\/uploads\/2025\/05\/spectacle-MFR-Cie-oiseau-blanc-France-Alzheimer06.05.2025-cinema-Seyssel-F.Zuccalli-300x226.jpg 300w, https:\/\/seyssel74.com\/wp-content\/uploads\/2025\/05\/spectacle-MFR-Cie-oiseau-blanc-France-Alzheimer06.05.2025-cinema-Seyssel-F.Zuccalli-768x578.jpg 768w, https:\/\/seyssel74.com\/wp-content\/uploads\/2025\/05\/spectacle-MFR-Cie-oiseau-blanc-France-Alzheimer06.05.2025-cinema-Seyssel-F.Zuccalli-1536x1157.jpg 1536w, https:\/\/seyssel74.com\/wp-content\/uploads\/2025\/05\/spectacle-MFR-Cie-oiseau-blanc-France-Alzheimer06.05.2025-cinema-Seyssel-F.Zuccalli.jpg 2048w\" sizes=\"auto, (max-width: 1360px) 100vw, 1360px\" \/><\/figure>\n\n\n\n<figure class=\"wp-block-image size-full\"><img loading=\"lazy\" decoding=\"async\" width=\"664\" height=\"500\" src=\"https:\/\/seyssel74.com\/wp-content\/uploads\/2025\/05\/spectacle-MFR-Seyssel-Cie-oiseau-blanc-France-Alzheimer06.05.2025-cinema-F.Zuccalli.jpg\" alt=\"\" class=\"wp-image-20235\" srcset=\"https:\/\/seyssel74.com\/wp-content\/uploads\/2025\/05\/spectacle-MFR-Seyssel-Cie-oiseau-blanc-France-Alzheimer06.05.2025-cinema-F.Zuccalli.jpg 664w, https:\/\/seyssel74.com\/wp-content\/uploads\/2025\/05\/spectacle-MFR-Seyssel-Cie-oiseau-blanc-France-Alzheimer06.05.2025-cinema-F.Zuccalli-300x226.jpg 300w\" sizes=\"auto, (max-width: 664px) 100vw, 664px\" \/><\/figure>\n\n\n\n<figure class=\"wp-block-image size-large\"><img loading=\"lazy\" decoding=\"async\" width=\"1360\" height=\"1024\" src=\"https:\/\/seyssel74.com\/wp-content\/uploads\/2025\/05\/spectacle-MFR-pays-Seyssel-Cie-oiseau-blanc-France-Alzheimer06.05.2025-cine-F.Zuccalli-1360x1024.jpg\" alt=\"\" class=\"wp-image-20236\" srcset=\"https:\/\/seyssel74.com\/wp-content\/uploads\/2025\/05\/spectacle-MFR-pays-Seyssel-Cie-oiseau-blanc-France-Alzheimer06.05.2025-cine-F.Zuccalli-1360x1024.jpg 1360w, https:\/\/seyssel74.com\/wp-content\/uploads\/2025\/05\/spectacle-MFR-pays-Seyssel-Cie-oiseau-blanc-France-Alzheimer06.05.2025-cine-F.Zuccalli-300x226.jpg 300w, https:\/\/seyssel74.com\/wp-content\/uploads\/2025\/05\/spectacle-MFR-pays-Seyssel-Cie-oiseau-blanc-France-Alzheimer06.05.2025-cine-F.Zuccalli-768x578.jpg 768w, https:\/\/seyssel74.com\/wp-content\/uploads\/2025\/05\/spectacle-MFR-pays-Seyssel-Cie-oiseau-blanc-France-Alzheimer06.05.2025-cine-F.Zuccalli-1536x1157.jpg 1536w, https:\/\/seyssel74.com\/wp-content\/uploads\/2025\/05\/spectacle-MFR-pays-Seyssel-Cie-oiseau-blanc-France-Alzheimer06.05.2025-cine-F.Zuccalli.jpg 2048w\" sizes=\"auto, (max-width: 1360px) 100vw, 1360px\" \/><\/figure>\n\n\n\n<figure class=\"wp-block-image size-full\"><img loading=\"lazy\" decoding=\"async\" width=\"797\" height=\"600\" src=\"https:\/\/seyssel74.com\/wp-content\/uploads\/2025\/05\/spectacle-MFR-Seyssel-Cie-oiseau-blanc-France-Alzheimer06.05.2025-cine-F.Zuccalli.jpg\" alt=\"\" class=\"wp-image-20234\" srcset=\"https:\/\/seyssel74.com\/wp-content\/uploads\/2025\/05\/spectacle-MFR-Seyssel-Cie-oiseau-blanc-France-Alzheimer06.05.2025-cine-F.Zuccalli.jpg 797w, https:\/\/seyssel74.com\/wp-content\/uploads\/2025\/05\/spectacle-MFR-Seyssel-Cie-oiseau-blanc-France-Alzheimer06.05.2025-cine-F.Zuccalli-300x226.jpg 300w, https:\/\/seyssel74.com\/wp-content\/uploads\/2025\/05\/spectacle-MFR-Seyssel-Cie-oiseau-blanc-France-Alzheimer06.05.2025-cine-F.Zuccalli-768x578.jpg 768w\" sizes=\"auto, (max-width: 797px) 100vw, 797px\" \/><\/figure>\n","protected":false},"excerpt":{"rendered":"<p>Les \u00e9l\u00e8ves de la MFR du Pays de Seyssel ont assist\u00e9 \u00e0 une repr\u00e9sentation \u00e9mouvante de la Compagnie de l&rsquo;Oiseau Blanc, avec la pi\u00e8ce \u00ab\u00a0Derni\u00e8re Danse\u00a0\u00bb. En pr\u00e9sence \u00e9galement de l&rsquo;adjoint Florian Zuccalli et de plusieurs acteurs locaux du domaine m\u00e9dico-social, dont l&rsquo;association Graines d&rsquo;Amis Val des Usses repr\u00e9sent\u00e9e par le Dr Marc Couzon, et [&hellip;]<\/p>\n","protected":false},"author":1,"featured_media":0,"comment_status":"open","ping_status":"open","sticky":false,"template":"","format":"standard","meta":{"ocean_post_layout":"","ocean_both_sidebars_style":"","ocean_both_sidebars_content_width":0,"ocean_both_sidebars_sidebars_width":0,"ocean_sidebar":"","ocean_second_sidebar":"","ocean_disable_margins":"enable","ocean_add_body_class":"","ocean_shortcode_before_top_bar":"","ocean_shortcode_after_top_bar":"","ocean_shortcode_before_header":"","ocean_shortcode_after_header":"","ocean_has_shortcode":"","ocean_shortcode_after_title":"","ocean_shortcode_before_footer_widgets":"","ocean_shortcode_after_footer_widgets":"","ocean_shortcode_before_footer_bottom":"","ocean_shortcode_after_footer_bottom":"","ocean_display_top_bar":"default","ocean_display_header":"default","ocean_header_style":"","ocean_center_header_left_menu":"","ocean_custom_header_template":"","ocean_custom_logo":0,"ocean_custom_retina_logo":0,"ocean_custom_logo_max_width":0,"ocean_custom_logo_tablet_max_width":0,"ocean_custom_logo_mobile_max_width":0,"ocean_custom_logo_max_height":0,"ocean_custom_logo_tablet_max_height":0,"ocean_custom_logo_mobile_max_height":0,"ocean_header_custom_menu":"","ocean_menu_typo_font_family":"","ocean_menu_typo_font_subset":"","ocean_menu_typo_font_size":0,"ocean_menu_typo_font_size_tablet":0,"ocean_menu_typo_font_size_mobile":0,"ocean_menu_typo_font_size_unit":"px","ocean_menu_typo_font_weight":"","ocean_menu_typo_font_weight_tablet":"","ocean_menu_typo_font_weight_mobile":"","ocean_menu_typo_transform":"","ocean_menu_typo_transform_tablet":"","ocean_menu_typo_transform_mobile":"","ocean_menu_typo_line_height":0,"ocean_menu_typo_line_height_tablet":0,"ocean_menu_typo_line_height_mobile":0,"ocean_menu_typo_line_height_unit":"","ocean_menu_typo_spacing":0,"ocean_menu_typo_spacing_tablet":0,"ocean_menu_typo_spacing_mobile":0,"ocean_menu_typo_spacing_unit":"","ocean_menu_link_color":"","ocean_menu_link_color_hover":"","ocean_menu_link_color_active":"","ocean_menu_link_background":"","ocean_menu_link_hover_background":"","ocean_menu_link_active_background":"","ocean_menu_social_links_bg":"","ocean_menu_social_hover_links_bg":"","ocean_menu_social_links_color":"","ocean_menu_social_hover_links_color":"","ocean_disable_title":"default","ocean_disable_heading":"default","ocean_post_title":"","ocean_post_subheading":"","ocean_post_title_style":"","ocean_post_title_background_color":"","ocean_post_title_background":0,"ocean_post_title_bg_image_position":"","ocean_post_title_bg_image_attachment":"","ocean_post_title_bg_image_repeat":"","ocean_post_title_bg_image_size":"","ocean_post_title_height":0,"ocean_post_title_bg_overlay":0.5,"ocean_post_title_bg_overlay_color":"","ocean_disable_breadcrumbs":"default","ocean_breadcrumbs_color":"","ocean_breadcrumbs_separator_color":"","ocean_breadcrumbs_links_color":"","ocean_breadcrumbs_links_hover_color":"","ocean_display_footer_widgets":"default","ocean_display_footer_bottom":"default","ocean_custom_footer_template":"","ofc_meta_disable_footer_callout":"","ofc_meta_callout_button_url":"","ofc_meta_callout_button_txt":"","ofc_meta_callout_text":"","ofc_enable_fullscreen":"disable","ofc_fullscreen_speed":0,"ofc_fullscreen_nav":"enable","ofc_fullscreen_nav_pos":"right","ofc_fullscreen_nav_color":"","ofc_fullscreen_nav_tooltip_color":"","ofc_fullscreen_responsive":0,"osp_disable_panel":"default","osh_disable_topbar_sticky":"default","osh_disable_header_sticky":"default","osh_sticky_header_style":"default","osh_sticky_header_effect":"","osh_custom_sticky_logo":0,"osh_custom_retina_sticky_logo":0,"osh_custom_sticky_logo_height":0,"osh_background_color":"","osh_links_color":"","osh_links_hover_color":"","osh_links_active_color":"","osh_links_bg_color":"","osh_links_hover_bg_color":"","osh_links_active_bg_color":"","osh_menu_social_links_color":"","osh_menu_social_hover_links_color":"","ocean_post_oembed":"","ocean_post_self_hosted_media":"","ocean_post_video_embed":"","ocean_link_format":"","ocean_link_format_target":"self","ocean_quote_format":"","ocean_quote_format_link":"post","ocean_gallery_link_images":"on","ocean_gallery_id":[],"footnotes":""},"categories":[45,41,40,52],"tags":[32,22,28,54],"class_list":["post-20206","post","type-post","status-publish","format-standard","hentry","category-association","category-culture","category-ecole","category-sante","tag-association","tag-culture","tag-ecole","tag-sante","entry"],"_links":{"self":[{"href":"https:\/\/seyssel74.com\/index.php\/wp-json\/wp\/v2\/posts\/20206","targetHints":{"allow":["GET"]}}],"collection":[{"href":"https:\/\/seyssel74.com\/index.php\/wp-json\/wp\/v2\/posts"}],"about":[{"href":"https:\/\/seyssel74.com\/index.php\/wp-json\/wp\/v2\/types\/post"}],"author":[{"embeddable":true,"href":"https:\/\/seyssel74.com\/index.php\/wp-json\/wp\/v2\/users\/1"}],"replies":[{"embeddable":true,"href":"https:\/\/seyssel74.com\/index.php\/wp-json\/wp\/v2\/comments?post=20206"}],"version-history":[{"count":1,"href":"https:\/\/seyssel74.com\/index.php\/wp-json\/wp\/v2\/posts\/20206\/revisions"}],"predecessor-version":[{"id":20239,"href":"https:\/\/seyssel74.com\/index.php\/wp-json\/wp\/v2\/posts\/20206\/revisions\/20239"}],"wp:attachment":[{"href":"https:\/\/seyssel74.com\/index.php\/wp-json\/wp\/v2\/media?parent=20206"}],"wp:term":[{"taxonomy":"category","embeddable":true,"href":"https:\/\/seyssel74.com\/index.php\/wp-json\/wp\/v2\/categories?post=20206"},{"taxonomy":"post_tag","embeddable":true,"href":"https:\/\/seyssel74.com\/index.php\/wp-json\/wp\/v2\/tags?post=20206"}],"curies":[{"name":"wp","href":"https:\/\/api.w.org\/{rel}","templated":true}]}}