{"id":15048,"date":"2023-10-30T01:04:33","date_gmt":"2023-10-30T00:04:33","guid":{"rendered":"https:\/\/seyssel74.com\/?p=15048"},"modified":"2023-10-30T01:04:33","modified_gmt":"2023-10-30T00:04:33","slug":"inauguration-des-chemins-de-memoire-de-larmee-des-alpes","status":"publish","type":"post","link":"https:\/\/seyssel74.com\/index.php\/2023\/10\/30\/inauguration-des-chemins-de-memoire-de-larmee-des-alpes\/","title":{"rendered":"Inauguration des Chemins de M\u00e9moire de l&rsquo;Arm\u00e9e des Alpes"},"content":{"rendered":"\n<p>Inauguration des panneaux de m\u00e9moire comm\u00e9morant les combats de l\u2019Arm\u00e9e des Alpes sur le Haut-Rh\u00f4ne en 1940,<br>le samedi 28 octobre 2023 \u00e0 Bassy puis sous la Grenette de Seyssel.<\/p>\n\n\n\n<p>L&rsquo;Arm\u00e9e des Alpes \u00e9tait command\u00e9e par le G\u00e9n\u00e9ral Olry, et a prot\u00e9g\u00e9 tout l\u2019arc alpin de l\u2019invasion de 1940.<br>Son h\u00e9ro\u00efque r\u00e9sistance face aux Italiens et, sur les bords du Rh\u00f4ne face aux Allemands, a apport\u00e9 \u00e0 notre Patrie un moment de gloire aux heures sombres de la d\u00e9b\u00e2cle.<br>Ces \u00ab\u00a0chemins de m\u00e9moire\u00a0\u00bb sont d\u00e9di\u00e9s aux actions des unit\u00e9s de montagne de 1940 dans chaque fond de vall\u00e9e et sur chaque col ou sommet frontaliers, d\u00e9di\u00e9s aux sites o\u00f9 l&rsquo;Arm\u00e9e des Alpes s&rsquo;est battue contre les forces blind\u00e9es et motoris\u00e9es allemandes ou italiennes.<br><a href=\"https:\/\/www.labatailledesalpes.fr\/\">https:\/\/www.labatailledesalpes.fr\/<\/a><\/p>\n\n\n\n<p>Remerciements au G\u00e9n\u00e9ral Klein, \u00e0 l&rsquo;origine de ce triptyque de panneaux \u00ab\u00a0chemins de m\u00e9moire\u00a0\u00bb et au Colonel Grosjean en charge d&rsquo;organiser la planification et la mise en \u0153uvre.<\/p>\n\n\n\n<p>En pr\u00e9sence de nombreuses personnalit\u00e9s militaires et civiles :<br>Mme Nadia Idiri, Sous-Pr\u00e9f\u00e8te de St-Julien-en-Genevois, Mme Virginie Duby-Muller D\u00e9put\u00e9e de la Haute-Savoie, Mr G\u00e9rard Lambert CD 74, Mmes et Mrs les Maires et \u00e9lus de Seyssel et du territoire Usses et Rh\u00f4ne, Mr le G\u00e9n\u00e9ral Claude du Tr\u00e9mollet pr\u00e9sident de la f\u00e9d\u00e9ration des soldats de montagne, Mr le G\u00e9n\u00e9ral Michel Klein, Mr le G\u00e9n\u00e9ral Pierre Martre, Mr le Chef de corps du 27e Bataillon de chasseurs alpins, Mr le Colonel Ludovic Rougelot, Mr le Colonel Claude Grosjean, Mr le directeur de l&rsquo;ONAC\/VG, Mr Raymond Mudry pr\u00e9sident de l&rsquo;UDAC, du pr\u00e9sident de l&rsquo;UNC Alpes, Mmes et Mrs les pr\u00e9sidents et repr\u00e9sentants des associations locales d\u2019Anciens Combattants et du Souvenir Fran\u00e7ais, des repr\u00e9sentants de la Gendarmerie et des Sapeurs-Pompiers de Seyssel, et du CM des enfants<\/p>\n\n\n\n<figure class=\"wp-block-image size-full\"><img loading=\"lazy\" decoding=\"async\" width=\"797\" height=\"600\" src=\"https:\/\/seyssel74.com\/wp-content\/uploads\/2023\/10\/inauguration-28.10.2023-Chemins-de-memoire-Armee-des-Alpes-Seyssel.jpg\" alt=\"\" class=\"wp-image-15062\" srcset=\"https:\/\/seyssel74.com\/wp-content\/uploads\/2023\/10\/inauguration-28.10.2023-Chemins-de-memoire-Armee-des-Alpes-Seyssel.jpg 797w, https:\/\/seyssel74.com\/wp-content\/uploads\/2023\/10\/inauguration-28.10.2023-Chemins-de-memoire-Armee-des-Alpes-Seyssel-300x226.jpg 300w, https:\/\/seyssel74.com\/wp-content\/uploads\/2023\/10\/inauguration-28.10.2023-Chemins-de-memoire-Armee-des-Alpes-Seyssel-768x578.jpg 768w\" sizes=\"auto, (max-width: 797px) 100vw, 797px\" \/><\/figure>\n\n\n\n<figure class=\"wp-block-image size-full\"><img loading=\"lazy\" decoding=\"async\" width=\"800\" height=\"600\" src=\"https:\/\/seyssel74.com\/wp-content\/uploads\/2023\/10\/inauguration-panneaux-memoire-1940-Grenette-Seyssel.jpg\" alt=\"\" class=\"wp-image-15069\" srcset=\"https:\/\/seyssel74.com\/wp-content\/uploads\/2023\/10\/inauguration-panneaux-memoire-1940-Grenette-Seyssel.jpg 800w, https:\/\/seyssel74.com\/wp-content\/uploads\/2023\/10\/inauguration-panneaux-memoire-1940-Grenette-Seyssel-300x225.jpg 300w, https:\/\/seyssel74.com\/wp-content\/uploads\/2023\/10\/inauguration-panneaux-memoire-1940-Grenette-Seyssel-768x576.jpg 768w\" sizes=\"auto, (max-width: 800px) 100vw, 800px\" \/><\/figure>\n\n\n\n<figure class=\"wp-block-image size-full\"><img loading=\"lazy\" decoding=\"async\" width=\"797\" height=\"600\" src=\"https:\/\/seyssel74.com\/wp-content\/uploads\/2023\/10\/presentation-panneaux-memoire-combats-Haut-Rhone-1940-Seyssel.jpg\" alt=\"\" class=\"wp-image-15076\" srcset=\"https:\/\/seyssel74.com\/wp-content\/uploads\/2023\/10\/presentation-panneaux-memoire-combats-Haut-Rhone-1940-Seyssel.jpg 797w, https:\/\/seyssel74.com\/wp-content\/uploads\/2023\/10\/presentation-panneaux-memoire-combats-Haut-Rhone-1940-Seyssel-300x226.jpg 300w, https:\/\/seyssel74.com\/wp-content\/uploads\/2023\/10\/presentation-panneaux-memoire-combats-Haut-Rhone-1940-Seyssel-768x578.jpg 768w\" sizes=\"auto, (max-width: 797px) 100vw, 797px\" \/><\/figure>\n\n\n\n<figure class=\"wp-block-image size-full\"><img loading=\"lazy\" decoding=\"async\" width=\"797\" height=\"600\" src=\"https:\/\/seyssel74.com\/wp-content\/uploads\/2023\/10\/Chemins-de-memoire-Armee-des-Alpes-28.10.2023.jpg\" alt=\"\" class=\"wp-image-15055\" srcset=\"https:\/\/seyssel74.com\/wp-content\/uploads\/2023\/10\/Chemins-de-memoire-Armee-des-Alpes-28.10.2023.jpg 797w, https:\/\/seyssel74.com\/wp-content\/uploads\/2023\/10\/Chemins-de-memoire-Armee-des-Alpes-28.10.2023-300x226.jpg 300w, https:\/\/seyssel74.com\/wp-content\/uploads\/2023\/10\/Chemins-de-memoire-Armee-des-Alpes-28.10.2023-768x578.jpg 768w\" sizes=\"auto, (max-width: 797px) 100vw, 797px\" \/><\/figure>\n\n\n\n<figure class=\"wp-block-gallery has-nested-images columns-default is-cropped wp-block-gallery-1 is-layout-flex wp-block-gallery-is-layout-flex\">\n<figure class=\"wp-block-image size-large\"><img loading=\"lazy\" decoding=\"async\" width=\"600\" height=\"797\" data-id=\"15065\" src=\"https:\/\/seyssel74.com\/wp-content\/uploads\/2023\/10\/inauguration-chemins-de-memoire-Seyssel.jpg\" alt=\"\" class=\"wp-image-15065\" srcset=\"https:\/\/seyssel74.com\/wp-content\/uploads\/2023\/10\/inauguration-chemins-de-memoire-Seyssel.jpg 600w, https:\/\/seyssel74.com\/wp-content\/uploads\/2023\/10\/inauguration-chemins-de-memoire-Seyssel-226x300.jpg 226w\" sizes=\"auto, (max-width: 600px) 100vw, 600px\" \/><\/figure>\n\n\n\n<figure class=\"wp-block-image size-large\"><img loading=\"lazy\" decoding=\"async\" width=\"600\" height=\"800\" data-id=\"15056\" src=\"https:\/\/seyssel74.com\/wp-content\/uploads\/2023\/10\/discours-chemins-de-memoire-Armee-des-Alpes-Seyssel-28.10.2023.jpg\" alt=\"\" class=\"wp-image-15056\" srcset=\"https:\/\/seyssel74.com\/wp-content\/uploads\/2023\/10\/discours-chemins-de-memoire-Armee-des-Alpes-Seyssel-28.10.2023.jpg 600w, https:\/\/seyssel74.com\/wp-content\/uploads\/2023\/10\/discours-chemins-de-memoire-Armee-des-Alpes-Seyssel-28.10.2023-225x300.jpg 225w\" sizes=\"auto, (max-width: 600px) 100vw, 600px\" \/><\/figure>\n<\/figure>\n\n\n\n<figure class=\"wp-block-image size-full\"><img loading=\"lazy\" decoding=\"async\" width=\"797\" height=\"600\" src=\"https:\/\/seyssel74.com\/wp-content\/uploads\/2023\/10\/gendarmerie-et-pompiers-Seyssel-28.10.2023.jpg\" alt=\"\" class=\"wp-image-15059\" srcset=\"https:\/\/seyssel74.com\/wp-content\/uploads\/2023\/10\/gendarmerie-et-pompiers-Seyssel-28.10.2023.jpg 797w, https:\/\/seyssel74.com\/wp-content\/uploads\/2023\/10\/gendarmerie-et-pompiers-Seyssel-28.10.2023-300x226.jpg 300w, https:\/\/seyssel74.com\/wp-content\/uploads\/2023\/10\/gendarmerie-et-pompiers-Seyssel-28.10.2023-768x578.jpg 768w\" sizes=\"auto, (max-width: 797px) 100vw, 797px\" \/><\/figure>\n\n\n\n<figure class=\"wp-block-image size-full\"><img loading=\"lazy\" decoding=\"async\" width=\"797\" height=\"600\" src=\"https:\/\/seyssel74.com\/wp-content\/uploads\/2023\/10\/militaires-et-portes-drapeaux-Seyssel-28.10.2023.jpg\" alt=\"\" class=\"wp-image-15070\" srcset=\"https:\/\/seyssel74.com\/wp-content\/uploads\/2023\/10\/militaires-et-portes-drapeaux-Seyssel-28.10.2023.jpg 797w, https:\/\/seyssel74.com\/wp-content\/uploads\/2023\/10\/militaires-et-portes-drapeaux-Seyssel-28.10.2023-300x226.jpg 300w, https:\/\/seyssel74.com\/wp-content\/uploads\/2023\/10\/militaires-et-portes-drapeaux-Seyssel-28.10.2023-768x578.jpg 768w\" sizes=\"auto, (max-width: 797px) 100vw, 797px\" \/><\/figure>\n\n\n\n<figure class=\"wp-block-image size-large\"><img loading=\"lazy\" decoding=\"async\" width=\"1365\" height=\"1024\" src=\"https:\/\/seyssel74.com\/wp-content\/uploads\/2023\/10\/27eme-bataillon-chasseurs-alpins-a-Seyssel-28.10.2023-1365x1024.jpg\" alt=\"\" class=\"wp-image-15054\" srcset=\"https:\/\/seyssel74.com\/wp-content\/uploads\/2023\/10\/27eme-bataillon-chasseurs-alpins-a-Seyssel-28.10.2023-1365x1024.jpg 1365w, https:\/\/seyssel74.com\/wp-content\/uploads\/2023\/10\/27eme-bataillon-chasseurs-alpins-a-Seyssel-28.10.2023-300x225.jpg 300w, https:\/\/seyssel74.com\/wp-content\/uploads\/2023\/10\/27eme-bataillon-chasseurs-alpins-a-Seyssel-28.10.2023-768x576.jpg 768w, https:\/\/seyssel74.com\/wp-content\/uploads\/2023\/10\/27eme-bataillon-chasseurs-alpins-a-Seyssel-28.10.2023-1536x1152.jpg 1536w, https:\/\/seyssel74.com\/wp-content\/uploads\/2023\/10\/27eme-bataillon-chasseurs-alpins-a-Seyssel-28.10.2023.jpg 1632w\" sizes=\"auto, (max-width: 1365px) 100vw, 1365px\" \/><\/figure>\n\n\n\n<figure class=\"wp-block-image size-full\"><img loading=\"lazy\" decoding=\"async\" width=\"800\" height=\"600\" src=\"https:\/\/seyssel74.com\/wp-content\/uploads\/2023\/10\/panneaux-memoire-Armee-des-Alpes-1940-Grenette-Seyssel-28.10.2023.jpg\" alt=\"\" class=\"wp-image-15071\" srcset=\"https:\/\/seyssel74.com\/wp-content\/uploads\/2023\/10\/panneaux-memoire-Armee-des-Alpes-1940-Grenette-Seyssel-28.10.2023.jpg 800w, https:\/\/seyssel74.com\/wp-content\/uploads\/2023\/10\/panneaux-memoire-Armee-des-Alpes-1940-Grenette-Seyssel-28.10.2023-300x225.jpg 300w, https:\/\/seyssel74.com\/wp-content\/uploads\/2023\/10\/panneaux-memoire-Armee-des-Alpes-1940-Grenette-Seyssel-28.10.2023-768x576.jpg 768w\" sizes=\"auto, (max-width: 800px) 100vw, 800px\" \/><\/figure>\n\n\n\n<figure class=\"wp-block-image size-full\"><img loading=\"lazy\" decoding=\"async\" width=\"800\" height=\"600\" src=\"https:\/\/seyssel74.com\/wp-content\/uploads\/2023\/10\/discours-chemins-de-memoire-Seyssel-28.10.2023.jpg\" alt=\"\" class=\"wp-image-15057\" srcset=\"https:\/\/seyssel74.com\/wp-content\/uploads\/2023\/10\/discours-chemins-de-memoire-Seyssel-28.10.2023.jpg 800w, https:\/\/seyssel74.com\/wp-content\/uploads\/2023\/10\/discours-chemins-de-memoire-Seyssel-28.10.2023-300x225.jpg 300w, https:\/\/seyssel74.com\/wp-content\/uploads\/2023\/10\/discours-chemins-de-memoire-Seyssel-28.10.2023-768x576.jpg 768w\" sizes=\"auto, (max-width: 800px) 100vw, 800px\" \/><\/figure>\n\n\n\n<figure class=\"wp-block-image size-full\"><img loading=\"lazy\" decoding=\"async\" width=\"800\" height=\"600\" src=\"https:\/\/seyssel74.com\/wp-content\/uploads\/2023\/10\/discours-inauguration-chemins-de-memoire-Armee-Alpes-Seyssel-oct-2023.jpg\" alt=\"\" class=\"wp-image-15058\" srcset=\"https:\/\/seyssel74.com\/wp-content\/uploads\/2023\/10\/discours-inauguration-chemins-de-memoire-Armee-Alpes-Seyssel-oct-2023.jpg 800w, https:\/\/seyssel74.com\/wp-content\/uploads\/2023\/10\/discours-inauguration-chemins-de-memoire-Armee-Alpes-Seyssel-oct-2023-300x225.jpg 300w, https:\/\/seyssel74.com\/wp-content\/uploads\/2023\/10\/discours-inauguration-chemins-de-memoire-Armee-Alpes-Seyssel-oct-2023-768x576.jpg 768w\" sizes=\"auto, (max-width: 800px) 100vw, 800px\" \/><\/figure>\n\n\n\n<figure class=\"wp-block-gallery has-nested-images columns-default is-cropped wp-block-gallery-2 is-layout-flex wp-block-gallery-is-layout-flex\">\n<figure class=\"wp-block-image size-large\"><img loading=\"lazy\" decoding=\"async\" width=\"600\" height=\"800\" data-id=\"15075\" src=\"https:\/\/seyssel74.com\/wp-content\/uploads\/2023\/10\/portes-drapeaux-Seyssel-28.10.2023.jpg\" alt=\"\" class=\"wp-image-15075\" srcset=\"https:\/\/seyssel74.com\/wp-content\/uploads\/2023\/10\/portes-drapeaux-Seyssel-28.10.2023.jpg 600w, https:\/\/seyssel74.com\/wp-content\/uploads\/2023\/10\/portes-drapeaux-Seyssel-28.10.2023-225x300.jpg 225w\" sizes=\"auto, (max-width: 600px) 100vw, 600px\" \/><\/figure>\n\n\n\n<figure class=\"wp-block-image size-large\"><img loading=\"lazy\" decoding=\"async\" width=\"500\" height=\"664\" data-id=\"15061\" src=\"https:\/\/seyssel74.com\/wp-content\/uploads\/2023\/10\/guide-michelin-armee-des-alpes.jpg\" alt=\"\" class=\"wp-image-15061\" srcset=\"https:\/\/seyssel74.com\/wp-content\/uploads\/2023\/10\/guide-michelin-armee-des-alpes.jpg 500w, https:\/\/seyssel74.com\/wp-content\/uploads\/2023\/10\/guide-michelin-armee-des-alpes-226x300.jpg 226w\" sizes=\"auto, (max-width: 500px) 100vw, 500px\" \/><\/figure>\n<\/figure>\n\n\n\n<figure class=\"wp-block-image size-full\"><img loading=\"lazy\" decoding=\"async\" width=\"800\" height=\"600\" src=\"https:\/\/seyssel74.com\/wp-content\/uploads\/2023\/10\/inauguration-panneaux-de-memoire-combats-Haut-Rhone-2nde-guerre-mondiale.jpg\" alt=\"\" class=\"wp-image-15067\" srcset=\"https:\/\/seyssel74.com\/wp-content\/uploads\/2023\/10\/inauguration-panneaux-de-memoire-combats-Haut-Rhone-2nde-guerre-mondiale.jpg 800w, https:\/\/seyssel74.com\/wp-content\/uploads\/2023\/10\/inauguration-panneaux-de-memoire-combats-Haut-Rhone-2nde-guerre-mondiale-300x225.jpg 300w, https:\/\/seyssel74.com\/wp-content\/uploads\/2023\/10\/inauguration-panneaux-de-memoire-combats-Haut-Rhone-2nde-guerre-mondiale-768x576.jpg 768w\" sizes=\"auto, (max-width: 800px) 100vw, 800px\" \/><\/figure>\n\n\n\n<figure class=\"wp-block-image size-full\"><img loading=\"lazy\" decoding=\"async\" width=\"797\" height=\"600\" src=\"https:\/\/seyssel74.com\/wp-content\/uploads\/2023\/10\/inauguration-panneaux-de-memoire-Combats-1940.jpg\" alt=\"\" class=\"wp-image-15066\" srcset=\"https:\/\/seyssel74.com\/wp-content\/uploads\/2023\/10\/inauguration-panneaux-de-memoire-Combats-1940.jpg 797w, https:\/\/seyssel74.com\/wp-content\/uploads\/2023\/10\/inauguration-panneaux-de-memoire-Combats-1940-300x226.jpg 300w, https:\/\/seyssel74.com\/wp-content\/uploads\/2023\/10\/inauguration-panneaux-de-memoire-Combats-1940-768x578.jpg 768w\" sizes=\"auto, (max-width: 797px) 100vw, 797px\" \/><\/figure>\n\n\n\n<figure class=\"wp-block-image size-full\"><img loading=\"lazy\" decoding=\"async\" width=\"797\" height=\"600\" src=\"https:\/\/seyssel74.com\/wp-content\/uploads\/2023\/10\/portes-drapeaux-ceremonie-28.10.2023-Seyssel.jpg\" alt=\"\" class=\"wp-image-15073\" srcset=\"https:\/\/seyssel74.com\/wp-content\/uploads\/2023\/10\/portes-drapeaux-ceremonie-28.10.2023-Seyssel.jpg 797w, https:\/\/seyssel74.com\/wp-content\/uploads\/2023\/10\/portes-drapeaux-ceremonie-28.10.2023-Seyssel-300x226.jpg 300w, https:\/\/seyssel74.com\/wp-content\/uploads\/2023\/10\/portes-drapeaux-ceremonie-28.10.2023-Seyssel-768x578.jpg 768w\" sizes=\"auto, (max-width: 797px) 100vw, 797px\" \/><\/figure>\n\n\n\n<figure class=\"wp-block-image size-full\"><img loading=\"lazy\" decoding=\"async\" width=\"797\" height=\"600\" src=\"https:\/\/seyssel74.com\/wp-content\/uploads\/2023\/10\/inauguration-panneaux-de-memoire-Haut-Rhone.jpg\" alt=\"\" class=\"wp-image-15068\" srcset=\"https:\/\/seyssel74.com\/wp-content\/uploads\/2023\/10\/inauguration-panneaux-de-memoire-Haut-Rhone.jpg 797w, https:\/\/seyssel74.com\/wp-content\/uploads\/2023\/10\/inauguration-panneaux-de-memoire-Haut-Rhone-300x226.jpg 300w, https:\/\/seyssel74.com\/wp-content\/uploads\/2023\/10\/inauguration-panneaux-de-memoire-Haut-Rhone-768x578.jpg 768w\" sizes=\"auto, (max-width: 797px) 100vw, 797px\" \/><\/figure>\n\n\n\n<figure class=\"wp-block-image size-full\"><img loading=\"lazy\" decoding=\"async\" width=\"797\" height=\"600\" src=\"https:\/\/seyssel74.com\/wp-content\/uploads\/2023\/10\/portes-drapeaux-et-militaires-a-SEyssel-28.10.2023.jpg\" alt=\"\" class=\"wp-image-15074\" srcset=\"https:\/\/seyssel74.com\/wp-content\/uploads\/2023\/10\/portes-drapeaux-et-militaires-a-SEyssel-28.10.2023.jpg 797w, https:\/\/seyssel74.com\/wp-content\/uploads\/2023\/10\/portes-drapeaux-et-militaires-a-SEyssel-28.10.2023-300x226.jpg 300w, https:\/\/seyssel74.com\/wp-content\/uploads\/2023\/10\/portes-drapeaux-et-militaires-a-SEyssel-28.10.2023-768x578.jpg 768w\" sizes=\"auto, (max-width: 797px) 100vw, 797px\" \/><\/figure>\n\n\n\n<figure class=\"wp-block-image size-full\"><img loading=\"lazy\" decoding=\"async\" width=\"797\" height=\"600\" src=\"https:\/\/seyssel74.com\/wp-content\/uploads\/2023\/10\/inauguration-chemins-de-memoire-Grenette-Seyssel-28.10.2023.jpg\" alt=\"\" class=\"wp-image-15064\" srcset=\"https:\/\/seyssel74.com\/wp-content\/uploads\/2023\/10\/inauguration-chemins-de-memoire-Grenette-Seyssel-28.10.2023.jpg 797w, https:\/\/seyssel74.com\/wp-content\/uploads\/2023\/10\/inauguration-chemins-de-memoire-Grenette-Seyssel-28.10.2023-300x226.jpg 300w, https:\/\/seyssel74.com\/wp-content\/uploads\/2023\/10\/inauguration-chemins-de-memoire-Grenette-Seyssel-28.10.2023-768x578.jpg 768w\" sizes=\"auto, (max-width: 797px) 100vw, 797px\" \/><\/figure>\n\n\n\n<figure class=\"wp-block-image size-full\"><img loading=\"lazy\" decoding=\"async\" width=\"800\" height=\"600\" src=\"https:\/\/seyssel74.com\/wp-content\/uploads\/2023\/10\/inauguration-Chemins-de-Memoire-combats-1940-Grenette-Seyssel-oct-2023.jpg\" alt=\"\" class=\"wp-image-15063\" srcset=\"https:\/\/seyssel74.com\/wp-content\/uploads\/2023\/10\/inauguration-Chemins-de-Memoire-combats-1940-Grenette-Seyssel-oct-2023.jpg 800w, https:\/\/seyssel74.com\/wp-content\/uploads\/2023\/10\/inauguration-Chemins-de-Memoire-combats-1940-Grenette-Seyssel-oct-2023-300x225.jpg 300w, https:\/\/seyssel74.com\/wp-content\/uploads\/2023\/10\/inauguration-Chemins-de-Memoire-combats-1940-Grenette-Seyssel-oct-2023-768x576.jpg 768w\" sizes=\"auto, (max-width: 800px) 100vw, 800px\" \/><\/figure>\n\n\n\n<figure class=\"wp-block-image size-full\"><img loading=\"lazy\" decoding=\"async\" width=\"800\" height=\"600\" src=\"https:\/\/seyssel74.com\/wp-content\/uploads\/2023\/10\/Grenette-Seyssel-28.10.2023.jpg\" alt=\"\" class=\"wp-image-15060\" srcset=\"https:\/\/seyssel74.com\/wp-content\/uploads\/2023\/10\/Grenette-Seyssel-28.10.2023.jpg 800w, https:\/\/seyssel74.com\/wp-content\/uploads\/2023\/10\/Grenette-Seyssel-28.10.2023-300x225.jpg 300w, https:\/\/seyssel74.com\/wp-content\/uploads\/2023\/10\/Grenette-Seyssel-28.10.2023-768x576.jpg 768w\" sizes=\"auto, (max-width: 800px) 100vw, 800px\" \/><\/figure>\n\n\n\n<figure class=\"wp-block-image size-full\"><img loading=\"lazy\" decoding=\"async\" width=\"797\" height=\"600\" src=\"https:\/\/seyssel74.com\/wp-content\/uploads\/2023\/10\/Panneaux-Memoire-comabts-Haut-Rhone-Bassy-Seyssel.jpg\" alt=\"\" class=\"wp-image-15072\" srcset=\"https:\/\/seyssel74.com\/wp-content\/uploads\/2023\/10\/Panneaux-Memoire-comabts-Haut-Rhone-Bassy-Seyssel.jpg 797w, https:\/\/seyssel74.com\/wp-content\/uploads\/2023\/10\/Panneaux-Memoire-comabts-Haut-Rhone-Bassy-Seyssel-300x226.jpg 300w, https:\/\/seyssel74.com\/wp-content\/uploads\/2023\/10\/Panneaux-Memoire-comabts-Haut-Rhone-Bassy-Seyssel-768x578.jpg 768w\" sizes=\"auto, (max-width: 797px) 100vw, 797px\" \/><\/figure>\n\n\n\n<p><\/p>\n","protected":false},"excerpt":{"rendered":"<p>Inauguration des panneaux de m\u00e9moire comm\u00e9morant les combats de l\u2019Arm\u00e9e des Alpes sur le Haut-Rh\u00f4ne en 1940,le samedi 28 octobre 2023 \u00e0 Bassy puis sous la Grenette de Seyssel. L&rsquo;Arm\u00e9e des Alpes \u00e9tait command\u00e9e par le G\u00e9n\u00e9ral Olry, et a prot\u00e9g\u00e9 tout l\u2019arc alpin de l\u2019invasion de 1940.Son h\u00e9ro\u00efque r\u00e9sistance face aux Italiens et, sur [&hellip;]<\/p>\n","protected":false},"author":1,"featured_media":0,"comment_status":"open","ping_status":"open","sticky":false,"template":"","format":"standard","meta":{"ocean_post_layout":"","ocean_both_sidebars_style":"","ocean_both_sidebars_content_width":0,"ocean_both_sidebars_sidebars_width":0,"ocean_sidebar":"","ocean_second_sidebar":"","ocean_disable_margins":"enable","ocean_add_body_class":"","ocean_shortcode_before_top_bar":"","ocean_shortcode_after_top_bar":"","ocean_shortcode_before_header":"","ocean_shortcode_after_header":"","ocean_has_shortcode":"","ocean_shortcode_after_title":"","ocean_shortcode_before_footer_widgets":"","ocean_shortcode_after_footer_widgets":"","ocean_shortcode_before_footer_bottom":"","ocean_shortcode_after_footer_bottom":"","ocean_display_top_bar":"default","ocean_display_header":"default","ocean_header_style":"","ocean_center_header_left_menu":"","ocean_custom_header_template":"","ocean_custom_logo":0,"ocean_custom_retina_logo":0,"ocean_custom_logo_max_width":0,"ocean_custom_logo_tablet_max_width":0,"ocean_custom_logo_mobile_max_width":0,"ocean_custom_logo_max_height":0,"ocean_custom_logo_tablet_max_height":0,"ocean_custom_logo_mobile_max_height":0,"ocean_header_custom_menu":"","ocean_menu_typo_font_family":"","ocean_menu_typo_font_subset":"","ocean_menu_typo_font_size":0,"ocean_menu_typo_font_size_tablet":0,"ocean_menu_typo_font_size_mobile":0,"ocean_menu_typo_font_size_unit":"px","ocean_menu_typo_font_weight":"","ocean_menu_typo_font_weight_tablet":"","ocean_menu_typo_font_weight_mobile":"","ocean_menu_typo_transform":"","ocean_menu_typo_transform_tablet":"","ocean_menu_typo_transform_mobile":"","ocean_menu_typo_line_height":0,"ocean_menu_typo_line_height_tablet":0,"ocean_menu_typo_line_height_mobile":0,"ocean_menu_typo_line_height_unit":"","ocean_menu_typo_spacing":0,"ocean_menu_typo_spacing_tablet":0,"ocean_menu_typo_spacing_mobile":0,"ocean_menu_typo_spacing_unit":"","ocean_menu_link_color":"","ocean_menu_link_color_hover":"","ocean_menu_link_color_active":"","ocean_menu_link_background":"","ocean_menu_link_hover_background":"","ocean_menu_link_active_background":"","ocean_menu_social_links_bg":"","ocean_menu_social_hover_links_bg":"","ocean_menu_social_links_color":"","ocean_menu_social_hover_links_color":"","ocean_disable_title":"default","ocean_disable_heading":"default","ocean_post_title":"","ocean_post_subheading":"","ocean_post_title_style":"","ocean_post_title_background_color":"","ocean_post_title_background":0,"ocean_post_title_bg_image_position":"","ocean_post_title_bg_image_attachment":"","ocean_post_title_bg_image_repeat":"","ocean_post_title_bg_image_size":"","ocean_post_title_height":0,"ocean_post_title_bg_overlay":0.5,"ocean_post_title_bg_overlay_color":"","ocean_disable_breadcrumbs":"default","ocean_breadcrumbs_color":"","ocean_breadcrumbs_separator_color":"","ocean_breadcrumbs_links_color":"","ocean_breadcrumbs_links_hover_color":"","ocean_display_footer_widgets":"default","ocean_display_footer_bottom":"default","ocean_custom_footer_template":"","ofc_meta_disable_footer_callout":"","ofc_meta_callout_button_url":"","ofc_meta_callout_button_txt":"","ofc_meta_callout_text":"","ofc_enable_fullscreen":"disable","ofc_fullscreen_speed":0,"ofc_fullscreen_nav":"enable","ofc_fullscreen_nav_pos":"right","ofc_fullscreen_nav_color":"","ofc_fullscreen_nav_tooltip_color":"","ofc_fullscreen_responsive":0,"osp_disable_panel":"default","osh_disable_topbar_sticky":"default","osh_disable_header_sticky":"default","osh_sticky_header_style":"default","osh_sticky_header_effect":"","osh_custom_sticky_logo":0,"osh_custom_retina_sticky_logo":0,"osh_custom_sticky_logo_height":0,"osh_background_color":"","osh_links_color":"","osh_links_hover_color":"","osh_links_active_color":"","osh_links_bg_color":"","osh_links_hover_bg_color":"","osh_links_active_bg_color":"","osh_menu_social_links_color":"","osh_menu_social_hover_links_color":"","ocean_post_oembed":"","ocean_post_self_hosted_media":"","ocean_post_video_embed":"","ocean_link_format":"","ocean_link_format_target":"self","ocean_quote_format":"","ocean_quote_format_link":"post","ocean_gallery_link_images":"on","ocean_gallery_id":[],"footnotes":""},"categories":[58],"tags":[35],"class_list":["post-15048","post","type-post","status-publish","format-standard","hentry","category-ceremonie","tag-ceremonie","entry"],"_links":{"self":[{"href":"https:\/\/seyssel74.com\/index.php\/wp-json\/wp\/v2\/posts\/15048","targetHints":{"allow":["GET"]}}],"collection":[{"href":"https:\/\/seyssel74.com\/index.php\/wp-json\/wp\/v2\/posts"}],"about":[{"href":"https:\/\/seyssel74.com\/index.php\/wp-json\/wp\/v2\/types\/post"}],"author":[{"embeddable":true,"href":"https:\/\/seyssel74.com\/index.php\/wp-json\/wp\/v2\/users\/1"}],"replies":[{"embeddable":true,"href":"https:\/\/seyssel74.com\/index.php\/wp-json\/wp\/v2\/comments?post=15048"}],"version-history":[{"count":1,"href":"https:\/\/seyssel74.com\/index.php\/wp-json\/wp\/v2\/posts\/15048\/revisions"}],"predecessor-version":[{"id":15078,"href":"https:\/\/seyssel74.com\/index.php\/wp-json\/wp\/v2\/posts\/15048\/revisions\/15078"}],"wp:attachment":[{"href":"https:\/\/seyssel74.com\/index.php\/wp-json\/wp\/v2\/media?parent=15048"}],"wp:term":[{"taxonomy":"category","embeddable":true,"href":"https:\/\/seyssel74.com\/index.php\/wp-json\/wp\/v2\/categories?post=15048"},{"taxonomy":"post_tag","embeddable":true,"href":"https:\/\/seyssel74.com\/index.php\/wp-json\/wp\/v2\/tags?post=15048"}],"curies":[{"name":"wp","href":"https:\/\/api.w.org\/{rel}","templated":true}]}}