{"id":14769,"date":"2023-09-14T11:02:06","date_gmt":"2023-09-14T09:02:06","guid":{"rendered":"https:\/\/seyssel74.com\/?p=14769"},"modified":"2023-09-14T11:02:07","modified_gmt":"2023-09-14T09:02:07","slug":"fermeture-nocturne-du-9-au-13-10-sur-la-rd-991-pont-du-fier","status":"publish","type":"post","link":"https:\/\/seyssel74.com\/index.php\/2023\/09\/14\/fermeture-nocturne-du-9-au-13-10-sur-la-rd-991-pont-du-fier\/","title":{"rendered":"Fermeture nocturne du 9 au 13\/10 sur la RD 991 &#8211; Pont du Fier"},"content":{"rendered":"\n<p>Information du D\u00e9partement de la Haute-Savoie concernant la RD 991 au niveau du Pont du Fier :<br>Pour la pose de la passerelle, les travaux vont rentrer dans une nouvelle phase \u00e0 compter de la semaine 41.  Pour la mise en place de l\u2019ouvrage, <u>la circulation sur le pont routier sera ferm\u00e9e de nuit de 19h30 \u00e0 6h du 9 au 13 octobre<\/u>.<br>Une d\u00e9viation par la rive droite du Rh\u00f4ne entre l\u2019Ain et la Savoie sera bien entendue mise en place en parall\u00e8le de cette fermeture.<br>Une fois la pose effectu\u00e9e, l\u2019alternat jour et nuit sera remis en place jusqu\u2019\u00e0 la fin des travaux sur le pont pr\u00e9vu d\u00e9but d\u00e9cembre 2023.<\/p>\n\n\n\n<figure class=\"wp-block-image size-large\"><img loading=\"lazy\" decoding=\"async\" width=\"683\" height=\"1024\" src=\"https:\/\/seyssel74.com\/wp-content\/uploads\/2023\/09\/Fermeture-nocturne-RD-pont-du-Fier-683x1024.jpg\" alt=\"\" class=\"wp-image-14768\" srcset=\"https:\/\/seyssel74.com\/wp-content\/uploads\/2023\/09\/Fermeture-nocturne-RD-pont-du-Fier-683x1024.jpg 683w, https:\/\/seyssel74.com\/wp-content\/uploads\/2023\/09\/Fermeture-nocturne-RD-pont-du-Fier-200x300.jpg 200w, https:\/\/seyssel74.com\/wp-content\/uploads\/2023\/09\/Fermeture-nocturne-RD-pont-du-Fier-768x1151.jpg 768w, https:\/\/seyssel74.com\/wp-content\/uploads\/2023\/09\/Fermeture-nocturne-RD-pont-du-Fier-1025x1536.jpg 1025w, https:\/\/seyssel74.com\/wp-content\/uploads\/2023\/09\/Fermeture-nocturne-RD-pont-du-Fier.jpg 1080w\" sizes=\"auto, (max-width: 683px) 100vw, 683px\" \/><\/figure>\n","protected":false},"excerpt":{"rendered":"<p>Information du D\u00e9partement de la Haute-Savoie concernant la RD 991 au niveau du Pont du Fier :Pour la pose de la passerelle, les travaux vont rentrer dans une nouvelle phase \u00e0 compter de la semaine 41. Pour la mise en place de l\u2019ouvrage, la circulation sur le pont routier sera ferm\u00e9e de nuit de 19h30 [&hellip;]<\/p>\n","protected":false},"author":1,"featured_media":0,"comment_status":"open","ping_status":"open","sticky":false,"template":"","format":"standard","meta":{"ocean_post_layout":"","ocean_both_sidebars_style":"","ocean_both_sidebars_content_width":0,"ocean_both_sidebars_sidebars_width":0,"ocean_sidebar":"0","ocean_second_sidebar":"0","ocean_disable_margins":"enable","ocean_add_body_class":"","ocean_shortcode_before_top_bar":"","ocean_shortcode_after_top_bar":"","ocean_shortcode_before_header":"","ocean_shortcode_after_header":"","ocean_has_shortcode":"","ocean_shortcode_after_title":"","ocean_shortcode_before_footer_widgets":"","ocean_shortcode_after_footer_widgets":"","ocean_shortcode_before_footer_bottom":"","ocean_shortcode_after_footer_bottom":"","ocean_display_top_bar":"default","ocean_display_header":"default","ocean_header_style":"","ocean_center_header_left_menu":"0","ocean_custom_header_template":"0","ocean_custom_logo":0,"ocean_custom_retina_logo":0,"ocean_custom_logo_max_width":0,"ocean_custom_logo_tablet_max_width":0,"ocean_custom_logo_mobile_max_width":0,"ocean_custom_logo_max_height":0,"ocean_custom_logo_tablet_max_height":0,"ocean_custom_logo_mobile_max_height":0,"ocean_header_custom_menu":"0","ocean_menu_typo_font_family":"0","ocean_menu_typo_font_subset":"","ocean_menu_typo_font_size":0,"ocean_menu_typo_font_size_tablet":0,"ocean_menu_typo_font_size_mobile":0,"ocean_menu_typo_font_size_unit":"px","ocean_menu_typo_font_weight":"","ocean_menu_typo_font_weight_tablet":"","ocean_menu_typo_font_weight_mobile":"","ocean_menu_typo_transform":"","ocean_menu_typo_transform_tablet":"","ocean_menu_typo_transform_mobile":"","ocean_menu_typo_line_height":0,"ocean_menu_typo_line_height_tablet":0,"ocean_menu_typo_line_height_mobile":0,"ocean_menu_typo_line_height_unit":"","ocean_menu_typo_spacing":0,"ocean_menu_typo_spacing_tablet":0,"ocean_menu_typo_spacing_mobile":0,"ocean_menu_typo_spacing_unit":"","ocean_menu_link_color":"","ocean_menu_link_color_hover":"","ocean_menu_link_color_active":"","ocean_menu_link_background":"","ocean_menu_link_hover_background":"","ocean_menu_link_active_background":"","ocean_menu_social_links_bg":"","ocean_menu_social_hover_links_bg":"","ocean_menu_social_links_color":"","ocean_menu_social_hover_links_color":"","ocean_disable_title":"default","ocean_disable_heading":"default","ocean_post_title":"","ocean_post_subheading":"","ocean_post_title_style":"","ocean_post_title_background_color":"","ocean_post_title_background":0,"ocean_post_title_bg_image_position":"","ocean_post_title_bg_image_attachment":"","ocean_post_title_bg_image_repeat":"","ocean_post_title_bg_image_size":"","ocean_post_title_height":0,"ocean_post_title_bg_overlay":0.5,"ocean_post_title_bg_overlay_color":"","ocean_disable_breadcrumbs":"default","ocean_breadcrumbs_color":"","ocean_breadcrumbs_separator_color":"","ocean_breadcrumbs_links_color":"","ocean_breadcrumbs_links_hover_color":"","ocean_display_footer_widgets":"default","ocean_display_footer_bottom":"default","ocean_custom_footer_template":"0","ofc_meta_disable_footer_callout":"","ofc_meta_callout_button_url":"","ofc_meta_callout_button_txt":"","ofc_meta_callout_text":"","ofc_enable_fullscreen":"disable","ofc_fullscreen_speed":0,"ofc_fullscreen_nav":"enable","ofc_fullscreen_nav_pos":"right","ofc_fullscreen_nav_color":"","ofc_fullscreen_nav_tooltip_color":"","ofc_fullscreen_responsive":0,"osp_disable_panel":"default","osh_disable_topbar_sticky":"default","osh_disable_header_sticky":"default","osh_sticky_header_style":"default","osh_sticky_header_effect":"","osh_custom_sticky_logo":0,"osh_custom_retina_sticky_logo":0,"osh_custom_sticky_logo_height":0,"osh_background_color":"","osh_links_color":"","osh_links_hover_color":"","osh_links_active_color":"","osh_links_bg_color":"","osh_links_hover_bg_color":"","osh_links_active_bg_color":"","osh_menu_social_links_color":"","osh_menu_social_hover_links_color":"","ocean_post_oembed":"","ocean_post_self_hosted_media":"","ocean_post_video_embed":"","ocean_link_format":"","ocean_link_format_target":"self","ocean_quote_format":"","ocean_quote_format_link":"post","ocean_gallery_link_images":"off","ocean_gallery_id":[],"footnotes":""},"categories":[57,15],"tags":[30,14],"class_list":["post-14769","post","type-post","status-publish","format-standard","hentry","category-communication","category-travaux","tag-communication","tag-travaux","entry"],"_links":{"self":[{"href":"https:\/\/seyssel74.com\/index.php\/wp-json\/wp\/v2\/posts\/14769","targetHints":{"allow":["GET"]}}],"collection":[{"href":"https:\/\/seyssel74.com\/index.php\/wp-json\/wp\/v2\/posts"}],"about":[{"href":"https:\/\/seyssel74.com\/index.php\/wp-json\/wp\/v2\/types\/post"}],"author":[{"embeddable":true,"href":"https:\/\/seyssel74.com\/index.php\/wp-json\/wp\/v2\/users\/1"}],"replies":[{"embeddable":true,"href":"https:\/\/seyssel74.com\/index.php\/wp-json\/wp\/v2\/comments?post=14769"}],"version-history":[{"count":1,"href":"https:\/\/seyssel74.com\/index.php\/wp-json\/wp\/v2\/posts\/14769\/revisions"}],"predecessor-version":[{"id":14770,"href":"https:\/\/seyssel74.com\/index.php\/wp-json\/wp\/v2\/posts\/14769\/revisions\/14770"}],"wp:attachment":[{"href":"https:\/\/seyssel74.com\/index.php\/wp-json\/wp\/v2\/media?parent=14769"}],"wp:term":[{"taxonomy":"category","embeddable":true,"href":"https:\/\/seyssel74.com\/index.php\/wp-json\/wp\/v2\/categories?post=14769"},{"taxonomy":"post_tag","embeddable":true,"href":"https:\/\/seyssel74.com\/index.php\/wp-json\/wp\/v2\/tags?post=14769"}],"curies":[{"name":"wp","href":"https:\/\/api.w.org\/{rel}","templated":true}]}}