{"id":14679,"date":"2023-09-05T20:53:03","date_gmt":"2023-09-05T18:53:03","guid":{"rendered":"https:\/\/seyssel74.com\/?p=14679"},"modified":"2023-09-05T21:09:58","modified_gmt":"2023-09-05T19:09:58","slug":"reprise-des-activites-de-laspec-lors-de-la-rentree-scolaire","status":"publish","type":"post","link":"https:\/\/seyssel74.com\/index.php\/2023\/09\/05\/reprise-des-activites-de-laspec-lors-de-la-rentree-scolaire\/","title":{"rendered":"Reprise des activit\u00e9s de l&rsquo;ASPEC lors de la rentr\u00e9e scolaire"},"content":{"rendered":"\n<p>Communiqu\u00e9 de l&rsquo;<strong>Association Seysselane Pour l&rsquo;Egalit\u00e9 des Chances<\/strong> \u00e0 l&rsquo;occasion de la rentr\u00e9e scolaire du 4 septembre 2023 :<br><br>Bonjour \u00e0 tous, nous sommes heureux de nous retrouver !<br>Notre association pour l\u2019\u00e9galit\u00e9 des chances reprend son activit\u00e9 au rythme scolaire.<br>Nous retrouvons les enfants dans l\u2019\u00e9cole primaire de Seyssel 74 \u00e0 16h30 les mardis ou<br>jeudis , nous commen\u00e7ons le mardi 13 septembre 2023.<br>Voici donc le calendrier des p\u00e9riodes auxquelles vous pouvez nous rejoindre:<\/p>\n\n\n\n<figure class=\"wp-block-image size-full\"><img loading=\"lazy\" decoding=\"async\" width=\"1132\" height=\"800\" src=\"https:\/\/seyssel74.com\/wp-content\/uploads\/2023\/09\/Agenda-scolaire-2023-2024-ASPEC.jpg\" alt=\"\" class=\"wp-image-14682\" srcset=\"https:\/\/seyssel74.com\/wp-content\/uploads\/2023\/09\/Agenda-scolaire-2023-2024-ASPEC.jpg 1132w, https:\/\/seyssel74.com\/wp-content\/uploads\/2023\/09\/Agenda-scolaire-2023-2024-ASPEC-300x212.jpg 300w, https:\/\/seyssel74.com\/wp-content\/uploads\/2023\/09\/Agenda-scolaire-2023-2024-ASPEC-768x543.jpg 768w\" sizes=\"auto, (max-width: 1132px) 100vw, 1132px\" \/><\/figure>\n\n\n\n<p>Dans la mesure du possible vous vous engagez avec les enfants sur une p\u00e9riode compl\u00e8te<br>et sur le m\u00eame groupe d\u2019enfant :<br><strong>Le mardi<\/strong> c\u2019est le groupe des 6 \u00e0 8 ans, du CP au CE2,<br>nous abordons le langage oral et le d\u00e9but de la lecture,<br>nous apportons des occasions de parler, d&rsquo;\u00e9couter, d&rsquo;apprendre de nouveaux mots, jouer<br>ensemble avec les lettres, etc.<br><strong>Le jeudi<\/strong> c\u2019est le groupe des 9 \u00e0 11 ans, du CM1 et CM2, et aussi cette ann\u00e9e les 6eme pour<br>\u201clancer l\u2019ann\u00e9e\u201d<br>Nous abordons la langue \u00e9crite, comment cr\u00e9er un texte, et aussi organiser une activit\u00e9,<br>contacter une association partenaire, etc: il s\u2019agit de mettre en \u0153uvre l\u2019\u00e9crit, de le rendre<br>utile pour nos projets.<br><br>Plus nous sommes d\u2019adultes et plus nous pouvons accompagner d\u2019enfants,<br>chacun soutient 2 \u00e0 3 enfants, dans une salle mise \u00e0 disposition par l\u2019\u00e9cole.<br>et chacun adh\u00e8re \u00e0 l&rsquo;association, pour des questions d\u2019assurance (10 \u20ac l\u2019ann\u00e9e).<br><br><strong>le d\u00e9roul\u00e9 d\u2019une s\u00e9ance<\/strong>:<br>au moment de l\u2019accueil les enfants go\u00fbtent dehors sous le pr\u00e9au, le go\u00fbter est fourni par la<br>mairie et nous sommes pr\u00e9sents,<br>ensuite nous rejoignons nos salles et nous faisons tous ensemble une activit\u00e9 qui favorise la<br>concentration : une respiration, des mouvements sym\u00e9triques, des exercices avec les yeux,<br>etc&#8230; Puis chacun aide les enfants selon les groupes qui se constituent , les groupes peuvent<br>\u00e9ventuellement changer<br>Enfin nous laissons une trace partag\u00e9e de notre s\u00e9ance, et nous rangeons les locaux avant<br>de rejoindre les parents qui viennent chercher les enfants ; l&rsquo;\u00e9cole ferme \u00e0 18h.<br>Voici les <strong>p\u00e9riodes <\/strong>o\u00f9 les enfants vous attendent:<\/p>\n\n\n\n<figure class=\"wp-block-image size-full\"><img loading=\"lazy\" decoding=\"async\" width=\"1087\" height=\"630\" src=\"https:\/\/seyssel74.com\/wp-content\/uploads\/2023\/09\/Planning-soutien-scolaire-ASPEC-2023-2024.jpg\" alt=\"\" class=\"wp-image-14680\" srcset=\"https:\/\/seyssel74.com\/wp-content\/uploads\/2023\/09\/Planning-soutien-scolaire-ASPEC-2023-2024.jpg 1087w, https:\/\/seyssel74.com\/wp-content\/uploads\/2023\/09\/Planning-soutien-scolaire-ASPEC-2023-2024-300x174.jpg 300w, https:\/\/seyssel74.com\/wp-content\/uploads\/2023\/09\/Planning-soutien-scolaire-ASPEC-2023-2024-768x445.jpg 768w\" sizes=\"auto, (max-width: 1087px) 100vw, 1087px\" \/><\/figure>\n\n\n\n<p>Pour toutes les pr\u00e9cisions que vous souhaitez et pour confirmer votre pr\u00e9sence \u00e0<br>l&rsquo;association :<br>vous pouvez contacter Delphine au 06 37 44 07 28 ou par courriel : <strong>aspec7401@gmail.com<\/strong> <br>et nous donner vos coordonn\u00e9es (nom, pr\u00e9nom, disponibilit\u00e9s)<br><br>Nous vous remercions chaleureusement pour votre participation et vous disons: \u00e0 tr\u00e8s<br>bient\u00f4t<br>Delphine pr\u00e9sidente 06 37 44 07 28<br>Blandine tr\u00e9sori\u00e8re 07 67 34 39 74<br>Anne secr\u00e9taire 06 75 56 95 49<\/p>\n\n\n\n<figure class=\"wp-block-image size-full is-resized\"><img loading=\"lazy\" decoding=\"async\" src=\"https:\/\/seyssel74.com\/wp-content\/uploads\/2023\/09\/Logo-Asso-Egalite-des-Chances.jpg\" alt=\"\" class=\"wp-image-14681\" style=\"width:161px;height:182px\" width=\"161\" height=\"182\" srcset=\"https:\/\/seyssel74.com\/wp-content\/uploads\/2023\/09\/Logo-Asso-Egalite-des-Chances.jpg 306w, https:\/\/seyssel74.com\/wp-content\/uploads\/2023\/09\/Logo-Asso-Egalite-des-Chances-265x300.jpg 265w\" sizes=\"auto, (max-width: 161px) 100vw, 161px\" \/><\/figure>\n","protected":false},"excerpt":{"rendered":"<p>Communiqu\u00e9 de l&rsquo;Association Seysselane Pour l&rsquo;Egalit\u00e9 des Chances \u00e0 l&rsquo;occasion de la rentr\u00e9e scolaire du 4 septembre 2023 : Bonjour \u00e0 tous, nous sommes heureux de nous retrouver !Notre association pour l\u2019\u00e9galit\u00e9 des chances reprend son activit\u00e9 au rythme scolaire.Nous retrouvons les enfants dans l\u2019\u00e9cole primaire de Seyssel 74 \u00e0 16h30 les mardis oujeudis , [&hellip;]<\/p>\n","protected":false},"author":1,"featured_media":0,"comment_status":"open","ping_status":"open","sticky":false,"template":"","format":"standard","meta":{"ocean_post_layout":"","ocean_both_sidebars_style":"","ocean_both_sidebars_content_width":0,"ocean_both_sidebars_sidebars_width":0,"ocean_sidebar":"0","ocean_second_sidebar":"0","ocean_disable_margins":"enable","ocean_add_body_class":"","ocean_shortcode_before_top_bar":"","ocean_shortcode_after_top_bar":"","ocean_shortcode_before_header":"","ocean_shortcode_after_header":"","ocean_has_shortcode":"","ocean_shortcode_after_title":"","ocean_shortcode_before_footer_widgets":"","ocean_shortcode_after_footer_widgets":"","ocean_shortcode_before_footer_bottom":"","ocean_shortcode_after_footer_bottom":"","ocean_display_top_bar":"default","ocean_display_header":"default","ocean_header_style":"","ocean_center_header_left_menu":"0","ocean_custom_header_template":"0","ocean_custom_logo":0,"ocean_custom_retina_logo":0,"ocean_custom_logo_max_width":0,"ocean_custom_logo_tablet_max_width":0,"ocean_custom_logo_mobile_max_width":0,"ocean_custom_logo_max_height":0,"ocean_custom_logo_tablet_max_height":0,"ocean_custom_logo_mobile_max_height":0,"ocean_header_custom_menu":"0","ocean_menu_typo_font_family":"0","ocean_menu_typo_font_subset":"","ocean_menu_typo_font_size":0,"ocean_menu_typo_font_size_tablet":0,"ocean_menu_typo_font_size_mobile":0,"ocean_menu_typo_font_size_unit":"px","ocean_menu_typo_font_weight":"","ocean_menu_typo_font_weight_tablet":"","ocean_menu_typo_font_weight_mobile":"","ocean_menu_typo_transform":"","ocean_menu_typo_transform_tablet":"","ocean_menu_typo_transform_mobile":"","ocean_menu_typo_line_height":0,"ocean_menu_typo_line_height_tablet":0,"ocean_menu_typo_line_height_mobile":0,"ocean_menu_typo_line_height_unit":"","ocean_menu_typo_spacing":0,"ocean_menu_typo_spacing_tablet":0,"ocean_menu_typo_spacing_mobile":0,"ocean_menu_typo_spacing_unit":"","ocean_menu_link_color":"","ocean_menu_link_color_hover":"","ocean_menu_link_color_active":"","ocean_menu_link_background":"","ocean_menu_link_hover_background":"","ocean_menu_link_active_background":"","ocean_menu_social_links_bg":"","ocean_menu_social_hover_links_bg":"","ocean_menu_social_links_color":"","ocean_menu_social_hover_links_color":"","ocean_disable_title":"default","ocean_disable_heading":"default","ocean_post_title":"","ocean_post_subheading":"","ocean_post_title_style":"","ocean_post_title_background_color":"","ocean_post_title_background":0,"ocean_post_title_bg_image_position":"","ocean_post_title_bg_image_attachment":"","ocean_post_title_bg_image_repeat":"","ocean_post_title_bg_image_size":"","ocean_post_title_height":0,"ocean_post_title_bg_overlay":0.5,"ocean_post_title_bg_overlay_color":"","ocean_disable_breadcrumbs":"default","ocean_breadcrumbs_color":"","ocean_breadcrumbs_separator_color":"","ocean_breadcrumbs_links_color":"","ocean_breadcrumbs_links_hover_color":"","ocean_display_footer_widgets":"default","ocean_display_footer_bottom":"default","ocean_custom_footer_template":"0","ofc_meta_disable_footer_callout":"","ofc_meta_callout_button_url":"","ofc_meta_callout_button_txt":"","ofc_meta_callout_text":"","ofc_enable_fullscreen":"disable","ofc_fullscreen_speed":0,"ofc_fullscreen_nav":"enable","ofc_fullscreen_nav_pos":"right","ofc_fullscreen_nav_color":"","ofc_fullscreen_nav_tooltip_color":"","ofc_fullscreen_responsive":0,"osp_disable_panel":"default","osh_disable_topbar_sticky":"default","osh_disable_header_sticky":"default","osh_sticky_header_style":"default","osh_sticky_header_effect":"","osh_custom_sticky_logo":0,"osh_custom_retina_sticky_logo":0,"osh_custom_sticky_logo_height":0,"osh_background_color":"","osh_links_color":"","osh_links_hover_color":"","osh_links_active_color":"","osh_links_bg_color":"","osh_links_hover_bg_color":"","osh_links_active_bg_color":"","osh_menu_social_links_color":"","osh_menu_social_hover_links_color":"","ocean_post_oembed":"","ocean_post_self_hosted_media":"","ocean_post_video_embed":"","ocean_link_format":"","ocean_link_format_target":"self","ocean_quote_format":"","ocean_quote_format_link":"post","ocean_gallery_link_images":"off","ocean_gallery_id":[],"footnotes":""},"categories":[45,40,48],"tags":[32,28,49],"class_list":["post-14679","post","type-post","status-publish","format-standard","hentry","category-association","category-ecole","category-solidarite","tag-association","tag-ecole","tag-solidarite","entry"],"_links":{"self":[{"href":"https:\/\/seyssel74.com\/index.php\/wp-json\/wp\/v2\/posts\/14679","targetHints":{"allow":["GET"]}}],"collection":[{"href":"https:\/\/seyssel74.com\/index.php\/wp-json\/wp\/v2\/posts"}],"about":[{"href":"https:\/\/seyssel74.com\/index.php\/wp-json\/wp\/v2\/types\/post"}],"author":[{"embeddable":true,"href":"https:\/\/seyssel74.com\/index.php\/wp-json\/wp\/v2\/users\/1"}],"replies":[{"embeddable":true,"href":"https:\/\/seyssel74.com\/index.php\/wp-json\/wp\/v2\/comments?post=14679"}],"version-history":[{"count":2,"href":"https:\/\/seyssel74.com\/index.php\/wp-json\/wp\/v2\/posts\/14679\/revisions"}],"predecessor-version":[{"id":14685,"href":"https:\/\/seyssel74.com\/index.php\/wp-json\/wp\/v2\/posts\/14679\/revisions\/14685"}],"wp:attachment":[{"href":"https:\/\/seyssel74.com\/index.php\/wp-json\/wp\/v2\/media?parent=14679"}],"wp:term":[{"taxonomy":"category","embeddable":true,"href":"https:\/\/seyssel74.com\/index.php\/wp-json\/wp\/v2\/categories?post=14679"},{"taxonomy":"post_tag","embeddable":true,"href":"https:\/\/seyssel74.com\/index.php\/wp-json\/wp\/v2\/tags?post=14679"}],"curies":[{"name":"wp","href":"https:\/\/api.w.org\/{rel}","templated":true}]}}