{"id":14301,"date":"2023-07-17T10:08:00","date_gmt":"2023-07-17T08:08:00","guid":{"rendered":"https:\/\/seyssel74.com\/?p=14301"},"modified":"2023-07-21T23:29:18","modified_gmt":"2023-07-21T21:29:18","slug":"ceremonie-du-14-juillet-2023","status":"publish","type":"post","link":"https:\/\/seyssel74.com\/index.php\/2023\/07\/17\/ceremonie-du-14-juillet-2023\/","title":{"rendered":"C\u00e9r\u00e9monie du 14 juillet 2023"},"content":{"rendered":"\n<p>En  images, la c\u00e9r\u00e9monie de la F\u00eate Nationale qui s&rsquo;est d\u00e9roul\u00e9e devant le Monument aux Morts sur la Place de l&rsquo;Orme.<br>En pr\u00e9sence des \u00e9lus de Seyssel et de communes voisines, des Anciens Combattants, du Souvenir fran\u00e7ais, des porte-drapeaux, des sapeurs-pompiers, de la batterie fanfare de La Seysselane, et d&rsquo;un public nombreux. <br>Le vin d&rsquo;honneur offert par la mairie est venu cl\u00f4turer la c\u00e9r\u00e9monie.<\/p>\n\n\n\n<figure class=\"wp-block-image size-full\"><img loading=\"lazy\" decoding=\"async\" width=\"949\" height=\"579\" src=\"https:\/\/seyssel74.com\/wp-content\/uploads\/2023\/07\/Vehicules-pompiers-CS-Seyssel-14.07.2023.jpg\" alt=\"\" class=\"wp-image-14312\" srcset=\"https:\/\/seyssel74.com\/wp-content\/uploads\/2023\/07\/Vehicules-pompiers-CS-Seyssel-14.07.2023.jpg 949w, https:\/\/seyssel74.com\/wp-content\/uploads\/2023\/07\/Vehicules-pompiers-CS-Seyssel-14.07.2023-300x183.jpg 300w, https:\/\/seyssel74.com\/wp-content\/uploads\/2023\/07\/Vehicules-pompiers-CS-Seyssel-14.07.2023-768x469.jpg 768w\" sizes=\"auto, (max-width: 949px) 100vw, 949px\" \/><\/figure>\n\n\n\n<figure class=\"wp-block-image size-full\"><img loading=\"lazy\" decoding=\"async\" width=\"999\" height=\"492\" src=\"https:\/\/seyssel74.com\/wp-content\/uploads\/2023\/07\/Place-de-lOrme-ceremonie-14.07.2023.jpg\" alt=\"\" class=\"wp-image-14307\" srcset=\"https:\/\/seyssel74.com\/wp-content\/uploads\/2023\/07\/Place-de-lOrme-ceremonie-14.07.2023.jpg 999w, https:\/\/seyssel74.com\/wp-content\/uploads\/2023\/07\/Place-de-lOrme-ceremonie-14.07.2023-300x148.jpg 300w, https:\/\/seyssel74.com\/wp-content\/uploads\/2023\/07\/Place-de-lOrme-ceremonie-14.07.2023-768x378.jpg 768w\" sizes=\"auto, (max-width: 999px) 100vw, 999px\" \/><\/figure>\n\n\n\n<figure class=\"wp-block-image size-full\"><img loading=\"lazy\" decoding=\"async\" width=\"831\" height=\"550\" src=\"https:\/\/seyssel74.com\/wp-content\/uploads\/2023\/07\/Pompiers-Seyssel-01-et-74-14.07.2023.jpg\" alt=\"\" class=\"wp-image-14308\" srcset=\"https:\/\/seyssel74.com\/wp-content\/uploads\/2023\/07\/Pompiers-Seyssel-01-et-74-14.07.2023.jpg 831w, https:\/\/seyssel74.com\/wp-content\/uploads\/2023\/07\/Pompiers-Seyssel-01-et-74-14.07.2023-300x199.jpg 300w, https:\/\/seyssel74.com\/wp-content\/uploads\/2023\/07\/Pompiers-Seyssel-01-et-74-14.07.2023-768x508.jpg 768w\" sizes=\"auto, (max-width: 831px) 100vw, 831px\" \/><\/figure>\n\n\n\n<figure class=\"wp-block-image size-full\"><img loading=\"lazy\" decoding=\"async\" width=\"888\" height=\"537\" src=\"https:\/\/seyssel74.com\/wp-content\/uploads\/2023\/07\/14-juillet-2023-Seyssel-B.jpg\" alt=\"\" class=\"wp-image-14302\" srcset=\"https:\/\/seyssel74.com\/wp-content\/uploads\/2023\/07\/14-juillet-2023-Seyssel-B.jpg 888w, https:\/\/seyssel74.com\/wp-content\/uploads\/2023\/07\/14-juillet-2023-Seyssel-B-300x181.jpg 300w, https:\/\/seyssel74.com\/wp-content\/uploads\/2023\/07\/14-juillet-2023-Seyssel-B-768x464.jpg 768w\" sizes=\"auto, (max-width: 888px) 100vw, 888px\" \/><\/figure>\n\n\n\n<figure class=\"wp-block-gallery has-nested-images columns-default is-cropped wp-block-gallery-1 is-layout-flex wp-block-gallery-is-layout-flex\">\n<figure class=\"wp-block-image size-large\"><img loading=\"lazy\" decoding=\"async\" width=\"576\" height=\"672\" data-id=\"14303\" src=\"https:\/\/seyssel74.com\/wp-content\/uploads\/2023\/07\/Batterie-fanfare-Seysselane-14.07.2023.jpg\" alt=\"\" class=\"wp-image-14303\" srcset=\"https:\/\/seyssel74.com\/wp-content\/uploads\/2023\/07\/Batterie-fanfare-Seysselane-14.07.2023.jpg 576w, https:\/\/seyssel74.com\/wp-content\/uploads\/2023\/07\/Batterie-fanfare-Seysselane-14.07.2023-257x300.jpg 257w\" sizes=\"auto, (max-width: 576px) 100vw, 576px\" \/><\/figure>\n\n\n\n<figure class=\"wp-block-image size-large\"><img loading=\"lazy\" decoding=\"async\" width=\"600\" height=\"800\" data-id=\"14306\" src=\"https:\/\/seyssel74.com\/wp-content\/uploads\/2023\/07\/Monument-aux-Morts-14.07.2023.jpg\" alt=\"\" class=\"wp-image-14306\" srcset=\"https:\/\/seyssel74.com\/wp-content\/uploads\/2023\/07\/Monument-aux-Morts-14.07.2023.jpg 600w, https:\/\/seyssel74.com\/wp-content\/uploads\/2023\/07\/Monument-aux-Morts-14.07.2023-225x300.jpg 225w\" sizes=\"auto, (max-width: 600px) 100vw, 600px\" \/><\/figure>\n<\/figure>\n\n\n\n<figure class=\"wp-block-image size-full\"><img loading=\"lazy\" decoding=\"async\" width=\"1024\" height=\"576\" src=\"https:\/\/seyssel74.com\/wp-content\/uploads\/2023\/07\/Pompiers-Seyssel-14-juillet-2023.jpg\" alt=\"\" class=\"wp-image-14309\" srcset=\"https:\/\/seyssel74.com\/wp-content\/uploads\/2023\/07\/Pompiers-Seyssel-14-juillet-2023.jpg 1024w, https:\/\/seyssel74.com\/wp-content\/uploads\/2023\/07\/Pompiers-Seyssel-14-juillet-2023-300x169.jpg 300w, https:\/\/seyssel74.com\/wp-content\/uploads\/2023\/07\/Pompiers-Seyssel-14-juillet-2023-768x432.jpg 768w, https:\/\/seyssel74.com\/wp-content\/uploads\/2023\/07\/Pompiers-Seyssel-14-juillet-2023-800x450.jpg 800w\" sizes=\"auto, (max-width: 1024px) 100vw, 1024px\" \/><\/figure>\n\n\n\n<figure class=\"wp-block-image size-full\"><img loading=\"lazy\" decoding=\"async\" width=\"952\" height=\"514\" src=\"https:\/\/seyssel74.com\/wp-content\/uploads\/2023\/07\/ceremonie-14.07.2023-B.jpg\" alt=\"\" class=\"wp-image-14304\" srcset=\"https:\/\/seyssel74.com\/wp-content\/uploads\/2023\/07\/ceremonie-14.07.2023-B.jpg 952w, https:\/\/seyssel74.com\/wp-content\/uploads\/2023\/07\/ceremonie-14.07.2023-B-300x162.jpg 300w, https:\/\/seyssel74.com\/wp-content\/uploads\/2023\/07\/ceremonie-14.07.2023-B-768x415.jpg 768w\" sizes=\"auto, (max-width: 952px) 100vw, 952px\" \/><\/figure>\n\n\n\n<figure class=\"wp-block-gallery has-nested-images columns-default is-cropped wp-block-gallery-2 is-layout-flex wp-block-gallery-is-layout-flex\">\n<figure class=\"wp-block-image size-large\"><img loading=\"lazy\" decoding=\"async\" width=\"600\" height=\"652\" data-id=\"14310\" src=\"https:\/\/seyssel74.com\/wp-content\/uploads\/2023\/07\/porte-drapeaux-14.04.2023-seyssel.jpg\" alt=\"\" class=\"wp-image-14310\" srcset=\"https:\/\/seyssel74.com\/wp-content\/uploads\/2023\/07\/porte-drapeaux-14.04.2023-seyssel.jpg 600w, https:\/\/seyssel74.com\/wp-content\/uploads\/2023\/07\/porte-drapeaux-14.04.2023-seyssel-276x300.jpg 276w\" sizes=\"auto, (max-width: 600px) 100vw, 600px\" \/><\/figure>\n\n\n\n<figure class=\"wp-block-image size-large\"><img loading=\"lazy\" decoding=\"async\" width=\"773\" height=\"580\" data-id=\"14305\" src=\"https:\/\/seyssel74.com\/wp-content\/uploads\/2023\/07\/Gerbe-fleurs-14.07.2023-B.jpg\" alt=\"\" class=\"wp-image-14305\" srcset=\"https:\/\/seyssel74.com\/wp-content\/uploads\/2023\/07\/Gerbe-fleurs-14.07.2023-B.jpg 773w, https:\/\/seyssel74.com\/wp-content\/uploads\/2023\/07\/Gerbe-fleurs-14.07.2023-B-300x225.jpg 300w, https:\/\/seyssel74.com\/wp-content\/uploads\/2023\/07\/Gerbe-fleurs-14.07.2023-B-768x576.jpg 768w\" sizes=\"auto, (max-width: 773px) 100vw, 773px\" \/><\/figure>\n<\/figure>\n\n\n\n<figure class=\"wp-block-image size-full is-resized\"><img loading=\"lazy\" decoding=\"async\" src=\"https:\/\/seyssel74.com\/wp-content\/uploads\/2023\/07\/Sapeurs-pompiers-14.07.2023.jpg\" alt=\"\" class=\"wp-image-14311\" width=\"800\" height=\"600\" srcset=\"https:\/\/seyssel74.com\/wp-content\/uploads\/2023\/07\/Sapeurs-pompiers-14.07.2023.jpg 800w, https:\/\/seyssel74.com\/wp-content\/uploads\/2023\/07\/Sapeurs-pompiers-14.07.2023-300x225.jpg 300w, https:\/\/seyssel74.com\/wp-content\/uploads\/2023\/07\/Sapeurs-pompiers-14.07.2023-768x576.jpg 768w\" sizes=\"auto, (max-width: 800px) 100vw, 800px\" \/><\/figure>\n\n\n\n<p>La commune pavois\u00e9e \u00e0 l&rsquo;occasion de la F\u00eate Nationale :<\/p>\n\n\n\n<figure class=\"wp-block-gallery has-nested-images columns-default is-cropped wp-block-gallery-3 is-layout-flex wp-block-gallery-is-layout-flex\">\n<figure class=\"wp-block-image size-large\"><img loading=\"lazy\" decoding=\"async\" width=\"600\" height=\"797\" data-id=\"14315\" src=\"https:\/\/seyssel74.com\/wp-content\/uploads\/2023\/07\/Grande-Rue-pavoisee-14.07.2023-FZ.jpg\" alt=\"\" class=\"wp-image-14315\" srcset=\"https:\/\/seyssel74.com\/wp-content\/uploads\/2023\/07\/Grande-Rue-pavoisee-14.07.2023-FZ.jpg 600w, https:\/\/seyssel74.com\/wp-content\/uploads\/2023\/07\/Grande-Rue-pavoisee-14.07.2023-FZ-226x300.jpg 226w\" sizes=\"auto, (max-width: 600px) 100vw, 600px\" \/><\/figure>\n\n\n\n<figure class=\"wp-block-image size-large\"><img loading=\"lazy\" decoding=\"async\" width=\"600\" height=\"797\" data-id=\"14316\" src=\"https:\/\/seyssel74.com\/wp-content\/uploads\/2023\/07\/Mairie-Seyssel-pavoisee-14.07.2023-FZ.jpg\" alt=\"\" class=\"wp-image-14316\" srcset=\"https:\/\/seyssel74.com\/wp-content\/uploads\/2023\/07\/Mairie-Seyssel-pavoisee-14.07.2023-FZ.jpg 600w, https:\/\/seyssel74.com\/wp-content\/uploads\/2023\/07\/Mairie-Seyssel-pavoisee-14.07.2023-FZ-226x300.jpg 226w\" sizes=\"auto, (max-width: 600px) 100vw, 600px\" \/><\/figure>\n<\/figure>\n\n\n\n<figure class=\"wp-block-image size-full\"><img loading=\"lazy\" decoding=\"async\" width=\"1024\" height=\"768\" src=\"https:\/\/seyssel74.com\/wp-content\/uploads\/2023\/07\/Vieux-Pont-14.07.2023.jpg\" alt=\"\" class=\"wp-image-14313\" srcset=\"https:\/\/seyssel74.com\/wp-content\/uploads\/2023\/07\/Vieux-Pont-14.07.2023.jpg 1024w, https:\/\/seyssel74.com\/wp-content\/uploads\/2023\/07\/Vieux-Pont-14.07.2023-300x225.jpg 300w, https:\/\/seyssel74.com\/wp-content\/uploads\/2023\/07\/Vieux-Pont-14.07.2023-768x576.jpg 768w\" sizes=\"auto, (max-width: 1024px) 100vw, 1024px\" \/><\/figure>\n\n\n\n<figure class=\"wp-block-gallery has-nested-images columns-default is-cropped wp-block-gallery-4 is-layout-flex wp-block-gallery-is-layout-flex\">\n<figure class=\"wp-block-image size-large\"><img loading=\"lazy\" decoding=\"async\" width=\"797\" height=\"600\" data-id=\"14317\" src=\"https:\/\/seyssel74.com\/wp-content\/uploads\/2023\/07\/Place-de-lOrme-pavoisee-17.07.2023-FZ.jpg\" alt=\"\" class=\"wp-image-14317\" srcset=\"https:\/\/seyssel74.com\/wp-content\/uploads\/2023\/07\/Place-de-lOrme-pavoisee-17.07.2023-FZ.jpg 797w, https:\/\/seyssel74.com\/wp-content\/uploads\/2023\/07\/Place-de-lOrme-pavoisee-17.07.2023-FZ-300x226.jpg 300w, https:\/\/seyssel74.com\/wp-content\/uploads\/2023\/07\/Place-de-lOrme-pavoisee-17.07.2023-FZ-768x578.jpg 768w\" sizes=\"auto, (max-width: 797px) 100vw, 797px\" \/><\/figure>\n\n\n\n<figure class=\"wp-block-image size-large\"><img loading=\"lazy\" decoding=\"async\" width=\"797\" height=\"600\" data-id=\"14314\" src=\"https:\/\/seyssel74.com\/wp-content\/uploads\/2023\/07\/Eglise-St-Blaise-pavoisee-14.07.2023-FZ.jpg\" alt=\"\" class=\"wp-image-14314\" srcset=\"https:\/\/seyssel74.com\/wp-content\/uploads\/2023\/07\/Eglise-St-Blaise-pavoisee-14.07.2023-FZ.jpg 797w, https:\/\/seyssel74.com\/wp-content\/uploads\/2023\/07\/Eglise-St-Blaise-pavoisee-14.07.2023-FZ-300x226.jpg 300w, https:\/\/seyssel74.com\/wp-content\/uploads\/2023\/07\/Eglise-St-Blaise-pavoisee-14.07.2023-FZ-768x578.jpg 768w\" sizes=\"auto, (max-width: 797px) 100vw, 797px\" \/><\/figure>\n<\/figure>\n\n\n\n<figure class=\"wp-block-image size-full\"><img loading=\"lazy\" decoding=\"async\" width=\"797\" height=\"600\" src=\"https:\/\/seyssel74.com\/wp-content\/uploads\/2023\/07\/Pont-de-la-Vierge-Noire-14.074.2023-FZ.jpg\" alt=\"\" class=\"wp-image-14318\" srcset=\"https:\/\/seyssel74.com\/wp-content\/uploads\/2023\/07\/Pont-de-la-Vierge-Noire-14.074.2023-FZ.jpg 797w, https:\/\/seyssel74.com\/wp-content\/uploads\/2023\/07\/Pont-de-la-Vierge-Noire-14.074.2023-FZ-300x226.jpg 300w, https:\/\/seyssel74.com\/wp-content\/uploads\/2023\/07\/Pont-de-la-Vierge-Noire-14.074.2023-FZ-768x578.jpg 768w\" sizes=\"auto, (max-width: 797px) 100vw, 797px\" \/><\/figure>\n","protected":false},"excerpt":{"rendered":"<p>En images, la c\u00e9r\u00e9monie de la F\u00eate Nationale qui s&rsquo;est d\u00e9roul\u00e9e devant le Monument aux Morts sur la Place de l&rsquo;Orme.En pr\u00e9sence des \u00e9lus de Seyssel et de communes voisines, des Anciens Combattants, du Souvenir fran\u00e7ais, des porte-drapeaux, des sapeurs-pompiers, de la batterie fanfare de La Seysselane, et d&rsquo;un public nombreux. Le vin d&rsquo;honneur offert [&hellip;]<\/p>\n","protected":false},"author":1,"featured_media":0,"comment_status":"open","ping_status":"open","sticky":false,"template":"","format":"standard","meta":{"ocean_post_layout":"","ocean_both_sidebars_style":"","ocean_both_sidebars_content_width":0,"ocean_both_sidebars_sidebars_width":0,"ocean_sidebar":"0","ocean_second_sidebar":"0","ocean_disable_margins":"enable","ocean_add_body_class":"","ocean_shortcode_before_top_bar":"","ocean_shortcode_after_top_bar":"","ocean_shortcode_before_header":"","ocean_shortcode_after_header":"","ocean_has_shortcode":"","ocean_shortcode_after_title":"","ocean_shortcode_before_footer_widgets":"","ocean_shortcode_after_footer_widgets":"","ocean_shortcode_before_footer_bottom":"","ocean_shortcode_after_footer_bottom":"","ocean_display_top_bar":"default","ocean_display_header":"default","ocean_header_style":"","ocean_center_header_left_menu":"0","ocean_custom_header_template":"0","ocean_custom_logo":0,"ocean_custom_retina_logo":0,"ocean_custom_logo_max_width":0,"ocean_custom_logo_tablet_max_width":0,"ocean_custom_logo_mobile_max_width":0,"ocean_custom_logo_max_height":0,"ocean_custom_logo_tablet_max_height":0,"ocean_custom_logo_mobile_max_height":0,"ocean_header_custom_menu":"0","ocean_menu_typo_font_family":"0","ocean_menu_typo_font_subset":"","ocean_menu_typo_font_size":0,"ocean_menu_typo_font_size_tablet":0,"ocean_menu_typo_font_size_mobile":0,"ocean_menu_typo_font_size_unit":"px","ocean_menu_typo_font_weight":"","ocean_menu_typo_font_weight_tablet":"","ocean_menu_typo_font_weight_mobile":"","ocean_menu_typo_transform":"","ocean_menu_typo_transform_tablet":"","ocean_menu_typo_transform_mobile":"","ocean_menu_typo_line_height":0,"ocean_menu_typo_line_height_tablet":0,"ocean_menu_typo_line_height_mobile":0,"ocean_menu_typo_line_height_unit":"","ocean_menu_typo_spacing":0,"ocean_menu_typo_spacing_tablet":0,"ocean_menu_typo_spacing_mobile":0,"ocean_menu_typo_spacing_unit":"","ocean_menu_link_color":"","ocean_menu_link_color_hover":"","ocean_menu_link_color_active":"","ocean_menu_link_background":"","ocean_menu_link_hover_background":"","ocean_menu_link_active_background":"","ocean_menu_social_links_bg":"","ocean_menu_social_hover_links_bg":"","ocean_menu_social_links_color":"","ocean_menu_social_hover_links_color":"","ocean_disable_title":"default","ocean_disable_heading":"default","ocean_post_title":"","ocean_post_subheading":"","ocean_post_title_style":"","ocean_post_title_background_color":"","ocean_post_title_background":0,"ocean_post_title_bg_image_position":"","ocean_post_title_bg_image_attachment":"","ocean_post_title_bg_image_repeat":"","ocean_post_title_bg_image_size":"","ocean_post_title_height":0,"ocean_post_title_bg_overlay":0.5,"ocean_post_title_bg_overlay_color":"","ocean_disable_breadcrumbs":"default","ocean_breadcrumbs_color":"","ocean_breadcrumbs_separator_color":"","ocean_breadcrumbs_links_color":"","ocean_breadcrumbs_links_hover_color":"","ocean_display_footer_widgets":"default","ocean_display_footer_bottom":"default","ocean_custom_footer_template":"0","ofc_meta_disable_footer_callout":"","ofc_meta_callout_button_url":"","ofc_meta_callout_button_txt":"","ofc_meta_callout_text":"","ofc_enable_fullscreen":"disable","ofc_fullscreen_speed":0,"ofc_fullscreen_nav":"enable","ofc_fullscreen_nav_pos":"right","ofc_fullscreen_nav_color":"","ofc_fullscreen_nav_tooltip_color":"","ofc_fullscreen_responsive":0,"osp_disable_panel":"default","osh_disable_topbar_sticky":"default","osh_disable_header_sticky":"default","osh_sticky_header_style":"default","osh_sticky_header_effect":"","osh_custom_sticky_logo":0,"osh_custom_retina_sticky_logo":0,"osh_custom_sticky_logo_height":0,"osh_background_color":"","osh_links_color":"","osh_links_hover_color":"","osh_links_active_color":"","osh_links_bg_color":"","osh_links_hover_bg_color":"","osh_links_active_bg_color":"","osh_menu_social_links_color":"","osh_menu_social_hover_links_color":"","ocean_post_oembed":"","ocean_post_self_hosted_media":"","ocean_post_video_embed":"","ocean_link_format":"","ocean_link_format_target":"self","ocean_quote_format":"","ocean_quote_format_link":"post","ocean_gallery_link_images":"off","ocean_gallery_id":[],"footnotes":""},"categories":[58],"tags":[35],"class_list":["post-14301","post","type-post","status-publish","format-standard","hentry","category-ceremonie","tag-ceremonie","entry"],"_links":{"self":[{"href":"https:\/\/seyssel74.com\/index.php\/wp-json\/wp\/v2\/posts\/14301","targetHints":{"allow":["GET"]}}],"collection":[{"href":"https:\/\/seyssel74.com\/index.php\/wp-json\/wp\/v2\/posts"}],"about":[{"href":"https:\/\/seyssel74.com\/index.php\/wp-json\/wp\/v2\/types\/post"}],"author":[{"embeddable":true,"href":"https:\/\/seyssel74.com\/index.php\/wp-json\/wp\/v2\/users\/1"}],"replies":[{"embeddable":true,"href":"https:\/\/seyssel74.com\/index.php\/wp-json\/wp\/v2\/comments?post=14301"}],"version-history":[{"count":2,"href":"https:\/\/seyssel74.com\/index.php\/wp-json\/wp\/v2\/posts\/14301\/revisions"}],"predecessor-version":[{"id":14320,"href":"https:\/\/seyssel74.com\/index.php\/wp-json\/wp\/v2\/posts\/14301\/revisions\/14320"}],"wp:attachment":[{"href":"https:\/\/seyssel74.com\/index.php\/wp-json\/wp\/v2\/media?parent=14301"}],"wp:term":[{"taxonomy":"category","embeddable":true,"href":"https:\/\/seyssel74.com\/index.php\/wp-json\/wp\/v2\/categories?post=14301"},{"taxonomy":"post_tag","embeddable":true,"href":"https:\/\/seyssel74.com\/index.php\/wp-json\/wp\/v2\/tags?post=14301"}],"curies":[{"name":"wp","href":"https:\/\/api.w.org\/{rel}","templated":true}]}}