{"id":14140,"date":"2023-07-12T23:54:37","date_gmt":"2023-07-12T21:54:37","guid":{"rendered":"https:\/\/seyssel74.com\/?p=14140"},"modified":"2023-07-12T23:54:38","modified_gmt":"2023-07-12T21:54:38","slug":"rencontre-au-sommet-du-mont-des-princes-pour-les-elus","status":"publish","type":"post","link":"https:\/\/seyssel74.com\/index.php\/2023\/07\/12\/rencontre-au-sommet-du-mont-des-princes-pour-les-elus\/","title":{"rendered":"Rencontre au sommet du Mont des Princes pour les \u00e9lus"},"content":{"rendered":"\n<p>Ce dimanche 9 juillet 2023, sous un soleil g\u00e9n\u00e9reux, les \u00e9lus des communes de Droisy, Seyssel, Valli\u00e8res-sur-Fier se sont rencontr\u00e9s dans un cadre convivial au sommet du Mont des Princes. Un pique-nique avait \u00e9t\u00e9 organis\u00e9 pour faire plus ample connaissance entre les \u00e9lus de diff\u00e9rentes communaut\u00e9s communes et avancer sur un projet de charte.<\/p>\n\n\n\n<p>En effet, cette rencontre fait suite \u00e0 plusieurs r\u00e9unions entre les 4 communes, Crempigny-Bonnegu\u00eate, Droisy, Seyssel, et Valli\u00e8res sur Fier, r\u00e9unions auxquelles ont \u00e9t\u00e9 associ\u00e9s l\u2019ONF et les ACCA des communes concern\u00e9es.<\/p>\n\n\n\n<p>L\u2019objectif\u00a0: un projet de charte intercommunale du Mont des Princes pour r\u00e9gler des pr\u00e9occupations communes, parmi elles, le risque incendie li\u00e9 au changement climatique, la signal\u00e9tique pour r\u00e9gler l\u2019acc\u00e8s, l\u2019entretien des chemins, la fr\u00e9quentation du public, la p\u00e9rennisation de l\u2019activit\u00e9 agricole.<\/p>\n\n\n\n<p>Beaucoup de sujets pour cette charte en projet, avec pour pr\u00e9occupation finale la pr\u00e9servation de notre beau Mont des Princes.<\/p>\n\n\n\n<figure class=\"wp-block-image size-full\"><img loading=\"lazy\" decoding=\"async\" width=\"1000\" height=\"658\" src=\"https:\/\/seyssel74.com\/wp-content\/uploads\/2023\/07\/Rencontre-elus-Mont-des-Princes-09.07.2023.jpg\" alt=\"\" class=\"wp-image-14142\" srcset=\"https:\/\/seyssel74.com\/wp-content\/uploads\/2023\/07\/Rencontre-elus-Mont-des-Princes-09.07.2023.jpg 1000w, https:\/\/seyssel74.com\/wp-content\/uploads\/2023\/07\/Rencontre-elus-Mont-des-Princes-09.07.2023-300x197.jpg 300w, https:\/\/seyssel74.com\/wp-content\/uploads\/2023\/07\/Rencontre-elus-Mont-des-Princes-09.07.2023-768x505.jpg 768w\" sizes=\"auto, (max-width: 1000px) 100vw, 1000px\" \/><figcaption class=\"wp-element-caption\">Rencontre en toute convivialit\u00e9 au sommet du Mont des Princes, \u00e0 la &lsquo;fronti\u00e8re&rsquo; des communes de Droisy, Seyssel et Valli\u00e8res-sur-Fier<\/figcaption><\/figure>\n\n\n\n<figure class=\"wp-block-image size-full\"><img loading=\"lazy\" decoding=\"async\" width=\"1165\" height=\"700\" src=\"https:\/\/seyssel74.com\/wp-content\/uploads\/2023\/07\/sommet-Mont-des-Princes-09.07.2023.jpg\" alt=\"\" class=\"wp-image-14143\" srcset=\"https:\/\/seyssel74.com\/wp-content\/uploads\/2023\/07\/sommet-Mont-des-Princes-09.07.2023.jpg 1165w, https:\/\/seyssel74.com\/wp-content\/uploads\/2023\/07\/sommet-Mont-des-Princes-09.07.2023-300x180.jpg 300w, https:\/\/seyssel74.com\/wp-content\/uploads\/2023\/07\/sommet-Mont-des-Princes-09.07.2023-768x461.jpg 768w\" sizes=\"auto, (max-width: 1165px) 100vw, 1165px\" \/><figcaption class=\"wp-element-caption\">Le cadre idyllique du Mont des Princes<\/figcaption><\/figure>\n\n\n\n<figure class=\"wp-block-image size-full is-resized\"><img loading=\"lazy\" decoding=\"async\" src=\"https:\/\/seyssel74.com\/wp-content\/uploads\/2023\/07\/elus-Mont-des-Princes-09.07.2023.jpg\" alt=\"\" class=\"wp-image-14141\" width=\"840\" height=\"629\" srcset=\"https:\/\/seyssel74.com\/wp-content\/uploads\/2023\/07\/elus-Mont-des-Princes-09.07.2023.jpg 868w, https:\/\/seyssel74.com\/wp-content\/uploads\/2023\/07\/elus-Mont-des-Princes-09.07.2023-300x225.jpg 300w, https:\/\/seyssel74.com\/wp-content\/uploads\/2023\/07\/elus-Mont-des-Princes-09.07.2023-768x575.jpg 768w\" sizes=\"auto, (max-width: 840px) 100vw, 840px\" \/><figcaption class=\"wp-element-caption\">C\u00f4t\u00e9 \u00e9lus seysselans, G.Lambert, G.Callet, F.Zuccalli, J.Laplace, J-M.Vinet \u00e9taient pr\u00e9sents<\/figcaption><\/figure>\n\n\n\n<figure class=\"wp-block-image size-full\"><img loading=\"lazy\" decoding=\"async\" width=\"863\" height=\"650\" src=\"https:\/\/seyssel74.com\/wp-content\/uploads\/2023\/07\/vue-Seyssel-Mont-des-Princes-09.07.2023.jpg\" alt=\"\" class=\"wp-image-14144\" srcset=\"https:\/\/seyssel74.com\/wp-content\/uploads\/2023\/07\/vue-Seyssel-Mont-des-Princes-09.07.2023.jpg 863w, https:\/\/seyssel74.com\/wp-content\/uploads\/2023\/07\/vue-Seyssel-Mont-des-Princes-09.07.2023-300x226.jpg 300w, https:\/\/seyssel74.com\/wp-content\/uploads\/2023\/07\/vue-Seyssel-Mont-des-Princes-09.07.2023-768x578.jpg 768w\" sizes=\"auto, (max-width: 863px) 100vw, 863px\" \/><\/figure>\n","protected":false},"excerpt":{"rendered":"<p>Ce dimanche 9 juillet 2023, sous un soleil g\u00e9n\u00e9reux, les \u00e9lus des communes de Droisy, Seyssel, Valli\u00e8res-sur-Fier se sont rencontr\u00e9s dans un cadre convivial au sommet du Mont des Princes. Un pique-nique avait \u00e9t\u00e9 organis\u00e9 pour faire plus ample connaissance entre les \u00e9lus de diff\u00e9rentes communaut\u00e9s communes et avancer sur un projet de charte. En [&hellip;]<\/p>\n","protected":false},"author":1,"featured_media":0,"comment_status":"open","ping_status":"open","sticky":false,"template":"","format":"standard","meta":{"ocean_post_layout":"","ocean_both_sidebars_style":"","ocean_both_sidebars_content_width":0,"ocean_both_sidebars_sidebars_width":0,"ocean_sidebar":"0","ocean_second_sidebar":"0","ocean_disable_margins":"enable","ocean_add_body_class":"","ocean_shortcode_before_top_bar":"","ocean_shortcode_after_top_bar":"","ocean_shortcode_before_header":"","ocean_shortcode_after_header":"","ocean_has_shortcode":"","ocean_shortcode_after_title":"","ocean_shortcode_before_footer_widgets":"","ocean_shortcode_after_footer_widgets":"","ocean_shortcode_before_footer_bottom":"","ocean_shortcode_after_footer_bottom":"","ocean_display_top_bar":"default","ocean_display_header":"default","ocean_header_style":"","ocean_center_header_left_menu":"0","ocean_custom_header_template":"0","ocean_custom_logo":0,"ocean_custom_retina_logo":0,"ocean_custom_logo_max_width":0,"ocean_custom_logo_tablet_max_width":0,"ocean_custom_logo_mobile_max_width":0,"ocean_custom_logo_max_height":0,"ocean_custom_logo_tablet_max_height":0,"ocean_custom_logo_mobile_max_height":0,"ocean_header_custom_menu":"0","ocean_menu_typo_font_family":"0","ocean_menu_typo_font_subset":"","ocean_menu_typo_font_size":0,"ocean_menu_typo_font_size_tablet":0,"ocean_menu_typo_font_size_mobile":0,"ocean_menu_typo_font_size_unit":"px","ocean_menu_typo_font_weight":"","ocean_menu_typo_font_weight_tablet":"","ocean_menu_typo_font_weight_mobile":"","ocean_menu_typo_transform":"","ocean_menu_typo_transform_tablet":"","ocean_menu_typo_transform_mobile":"","ocean_menu_typo_line_height":0,"ocean_menu_typo_line_height_tablet":0,"ocean_menu_typo_line_height_mobile":0,"ocean_menu_typo_line_height_unit":"","ocean_menu_typo_spacing":0,"ocean_menu_typo_spacing_tablet":0,"ocean_menu_typo_spacing_mobile":0,"ocean_menu_typo_spacing_unit":"","ocean_menu_link_color":"","ocean_menu_link_color_hover":"","ocean_menu_link_color_active":"","ocean_menu_link_background":"","ocean_menu_link_hover_background":"","ocean_menu_link_active_background":"","ocean_menu_social_links_bg":"","ocean_menu_social_hover_links_bg":"","ocean_menu_social_links_color":"","ocean_menu_social_hover_links_color":"","ocean_disable_title":"default","ocean_disable_heading":"default","ocean_post_title":"","ocean_post_subheading":"","ocean_post_title_style":"","ocean_post_title_background_color":"","ocean_post_title_background":0,"ocean_post_title_bg_image_position":"","ocean_post_title_bg_image_attachment":"","ocean_post_title_bg_image_repeat":"","ocean_post_title_bg_image_size":"","ocean_post_title_height":0,"ocean_post_title_bg_overlay":0.5,"ocean_post_title_bg_overlay_color":"","ocean_disable_breadcrumbs":"default","ocean_breadcrumbs_color":"","ocean_breadcrumbs_separator_color":"","ocean_breadcrumbs_links_color":"","ocean_breadcrumbs_links_hover_color":"","ocean_display_footer_widgets":"default","ocean_display_footer_bottom":"default","ocean_custom_footer_template":"0","ofc_meta_disable_footer_callout":"","ofc_meta_callout_button_url":"","ofc_meta_callout_button_txt":"","ofc_meta_callout_text":"","ofc_enable_fullscreen":"disable","ofc_fullscreen_speed":0,"ofc_fullscreen_nav":"enable","ofc_fullscreen_nav_pos":"right","ofc_fullscreen_nav_color":"","ofc_fullscreen_nav_tooltip_color":"","ofc_fullscreen_responsive":0,"osp_disable_panel":"default","osh_disable_topbar_sticky":"default","osh_disable_header_sticky":"default","osh_sticky_header_style":"default","osh_sticky_header_effect":"","osh_custom_sticky_logo":0,"osh_custom_retina_sticky_logo":0,"osh_custom_sticky_logo_height":0,"osh_background_color":"","osh_links_color":"","osh_links_hover_color":"","osh_links_active_color":"","osh_links_bg_color":"","osh_links_hover_bg_color":"","osh_links_active_bg_color":"","osh_menu_social_links_color":"","osh_menu_social_hover_links_color":"","ocean_post_oembed":"","ocean_post_self_hosted_media":"","ocean_post_video_embed":"","ocean_link_format":"","ocean_link_format_target":"self","ocean_quote_format":"","ocean_quote_format_link":"post","ocean_gallery_link_images":"off","ocean_gallery_id":[],"footnotes":""},"categories":[16],"tags":[17],"class_list":["post-14140","post","type-post","status-publish","format-standard","hentry","category-environnement","tag-environnement","entry"],"_links":{"self":[{"href":"https:\/\/seyssel74.com\/index.php\/wp-json\/wp\/v2\/posts\/14140","targetHints":{"allow":["GET"]}}],"collection":[{"href":"https:\/\/seyssel74.com\/index.php\/wp-json\/wp\/v2\/posts"}],"about":[{"href":"https:\/\/seyssel74.com\/index.php\/wp-json\/wp\/v2\/types\/post"}],"author":[{"embeddable":true,"href":"https:\/\/seyssel74.com\/index.php\/wp-json\/wp\/v2\/users\/1"}],"replies":[{"embeddable":true,"href":"https:\/\/seyssel74.com\/index.php\/wp-json\/wp\/v2\/comments?post=14140"}],"version-history":[{"count":1,"href":"https:\/\/seyssel74.com\/index.php\/wp-json\/wp\/v2\/posts\/14140\/revisions"}],"predecessor-version":[{"id":14145,"href":"https:\/\/seyssel74.com\/index.php\/wp-json\/wp\/v2\/posts\/14140\/revisions\/14145"}],"wp:attachment":[{"href":"https:\/\/seyssel74.com\/index.php\/wp-json\/wp\/v2\/media?parent=14140"}],"wp:term":[{"taxonomy":"category","embeddable":true,"href":"https:\/\/seyssel74.com\/index.php\/wp-json\/wp\/v2\/categories?post=14140"},{"taxonomy":"post_tag","embeddable":true,"href":"https:\/\/seyssel74.com\/index.php\/wp-json\/wp\/v2\/tags?post=14140"}],"curies":[{"name":"wp","href":"https:\/\/api.w.org\/{rel}","templated":true}]}}