{"id":13136,"date":"2023-04-30T20:50:39","date_gmt":"2023-04-30T18:50:39","guid":{"rendered":"https:\/\/seyssel74.com\/?p=13136"},"modified":"2023-05-08T16:25:12","modified_gmt":"2023-05-08T14:25:12","slug":"journee-du-souvenir-des-victimes-de-la-deportation-le-30-avril-2023","status":"publish","type":"post","link":"https:\/\/seyssel74.com\/index.php\/2023\/04\/30\/journee-du-souvenir-des-victimes-de-la-deportation-le-30-avril-2023\/","title":{"rendered":"Journ\u00e9e du souvenir des victimes de la d\u00e9portation le 30 avril 2023"},"content":{"rendered":"\n<p>Une comm\u00e9moration qui s&rsquo;est d\u00e9roul\u00e9e devant le Monument aux Morts de Seyssel rive gauche.<\/p>\n\n\n\n<p>En pr\u00e9sence du maire et des \u00e9lus seysselans des deux rives, des sections locales du Souvenir Fran\u00e7ais, de l&rsquo;UNC-Alpes, d\u2019Anciens Combattants, du conseil municipal des enfants, des porte-drapeaux, des sapeurs-pompiers des deux Seyssel, de la gendarmerie, des repr\u00e9sentants des familles et de la batterie-fanfare La Seysselane.<\/p>\n\n\n\n<p>Le <a><\/a>dernier dimanche d&rsquo;avril est chaque ann\u00e9e d\u00e9di\u00e9 \u00e0 la c\u00e9l\u00e9bration de la m\u00e9moire des victimes de la d\u00e9portation dans les camps de concentration et d&rsquo;extermination nazis lors la seconde guerre mondiale.<\/p>\n\n\n\n<p>Cette date a \u00e9t\u00e9 retenue en raison de sa proximit\u00e9 avec la date anniversaire de la lib\u00e9ration de la plupart des camps, et parce qu&rsquo;elle ne se confondait avec aucune autre c\u00e9l\u00e9bration nationale ou religieuse existante.<\/p>\n\n\n\n<p>Instaur\u00e9e par la loi du 14 avril 1954, cette journ\u00e9e nationale honore la m\u00e9moire de tous les d\u00e9port\u00e9s sans distinction et rend hommage \u00e0 leur sacrifice. Elle a pour vocation de rappeler \u00e0 tous ce drame historique majeur, les le\u00e7ons qui s&rsquo;en d\u00e9gagent, pour que de tels faits ne se reproduisent plus.<\/p>\n\n\n\n<figure class=\"wp-block-image size-full\"><img loading=\"lazy\" decoding=\"async\" width=\"960\" height=\"720\" src=\"https:\/\/seyssel74.com\/wp-content\/uploads\/2023\/04\/Ceremonie-souvenir-deportation-30.04.2023-F.Peltier.jpg\" alt=\"\" class=\"wp-image-13141\" srcset=\"https:\/\/seyssel74.com\/wp-content\/uploads\/2023\/04\/Ceremonie-souvenir-deportation-30.04.2023-F.Peltier.jpg 960w, https:\/\/seyssel74.com\/wp-content\/uploads\/2023\/04\/Ceremonie-souvenir-deportation-30.04.2023-F.Peltier-300x225.jpg 300w, https:\/\/seyssel74.com\/wp-content\/uploads\/2023\/04\/Ceremonie-souvenir-deportation-30.04.2023-F.Peltier-768x576.jpg 768w\" sizes=\"auto, (max-width: 960px) 100vw, 960px\" \/><figcaption class=\"wp-element-caption\">\u00a9\ud83d\udcf7 Frederic Peltier<\/figcaption><\/figure>\n\n\n\n<figure class=\"wp-block-image size-full\"><img loading=\"lazy\" decoding=\"async\" width=\"797\" height=\"600\" src=\"https:\/\/seyssel74.com\/wp-content\/uploads\/2023\/04\/Ceremonie-souvenir-deportation-30.04.2023.jpg\" alt=\"\" class=\"wp-image-13143\" srcset=\"https:\/\/seyssel74.com\/wp-content\/uploads\/2023\/04\/Ceremonie-souvenir-deportation-30.04.2023.jpg 797w, https:\/\/seyssel74.com\/wp-content\/uploads\/2023\/04\/Ceremonie-souvenir-deportation-30.04.2023-300x226.jpg 300w, https:\/\/seyssel74.com\/wp-content\/uploads\/2023\/04\/Ceremonie-souvenir-deportation-30.04.2023-768x578.jpg 768w\" sizes=\"auto, (max-width: 797px) 100vw, 797px\" \/><\/figure>\n\n\n\n<p><\/p>\n\n\n\n<figure class=\"wp-block-image size-full is-resized\"><img loading=\"lazy\" decoding=\"async\" src=\"https:\/\/seyssel74.com\/wp-content\/uploads\/2023\/04\/Ceremonie-souvenir-deportation-Seyssel-30.04.2023.jpg\" alt=\"\" class=\"wp-image-13146\" width=\"840\" height=\"439\" srcset=\"https:\/\/seyssel74.com\/wp-content\/uploads\/2023\/04\/Ceremonie-souvenir-deportation-Seyssel-30.04.2023.jpg 1243w, https:\/\/seyssel74.com\/wp-content\/uploads\/2023\/04\/Ceremonie-souvenir-deportation-Seyssel-30.04.2023-300x157.jpg 300w, https:\/\/seyssel74.com\/wp-content\/uploads\/2023\/04\/Ceremonie-souvenir-deportation-Seyssel-30.04.2023-768x402.jpg 768w\" sizes=\"auto, (max-width: 840px) 100vw, 840px\" \/><\/figure>\n\n\n\n<p><\/p>\n\n\n\n<figure class=\"wp-block-image size-full is-resized\"><img loading=\"lazy\" decoding=\"async\" src=\"https:\/\/seyssel74.com\/wp-content\/uploads\/2023\/04\/Ceremonie-souvenir-deportation-Seyssel-Haute-Savoie-30.04.2023.jpg\" alt=\"\" class=\"wp-image-13147\" width=\"840\" height=\"453\" srcset=\"https:\/\/seyssel74.com\/wp-content\/uploads\/2023\/04\/Ceremonie-souvenir-deportation-Seyssel-Haute-Savoie-30.04.2023.jpg 1112w, https:\/\/seyssel74.com\/wp-content\/uploads\/2023\/04\/Ceremonie-souvenir-deportation-Seyssel-Haute-Savoie-30.04.2023-300x162.jpg 300w, https:\/\/seyssel74.com\/wp-content\/uploads\/2023\/04\/Ceremonie-souvenir-deportation-Seyssel-Haute-Savoie-30.04.2023-768x414.jpg 768w\" sizes=\"auto, (max-width: 840px) 100vw, 840px\" \/><\/figure>\n\n\n\n<p><\/p>\n\n\n\n<figure class=\"wp-block-image size-full\"><img loading=\"lazy\" decoding=\"async\" width=\"867\" height=\"650\" src=\"https:\/\/seyssel74.com\/wp-content\/uploads\/2023\/04\/Ceremonie-souvenir-deportation-Seyssel-30.04.2023-F.Peltier.jpg\" alt=\"\" class=\"wp-image-13144\" srcset=\"https:\/\/seyssel74.com\/wp-content\/uploads\/2023\/04\/Ceremonie-souvenir-deportation-Seyssel-30.04.2023-F.Peltier.jpg 867w, https:\/\/seyssel74.com\/wp-content\/uploads\/2023\/04\/Ceremonie-souvenir-deportation-Seyssel-30.04.2023-F.Peltier-300x225.jpg 300w, https:\/\/seyssel74.com\/wp-content\/uploads\/2023\/04\/Ceremonie-souvenir-deportation-Seyssel-30.04.2023-F.Peltier-768x576.jpg 768w\" sizes=\"auto, (max-width: 867px) 100vw, 867px\" \/><figcaption class=\"wp-element-caption\">\u00a9\ud83d\udcf7 Frederic Peltier<\/figcaption><\/figure>\n\n\n\n<figure class=\"wp-block-image size-full\"><img loading=\"lazy\" decoding=\"async\" width=\"998\" height=\"650\" src=\"https:\/\/seyssel74.com\/wp-content\/uploads\/2023\/04\/Ceremonie-souvenir-deportation-Seyssel-30.04.2023-Monument-aux-morts.jpg\" alt=\"\" class=\"wp-image-13145\" srcset=\"https:\/\/seyssel74.com\/wp-content\/uploads\/2023\/04\/Ceremonie-souvenir-deportation-Seyssel-30.04.2023-Monument-aux-morts.jpg 998w, https:\/\/seyssel74.com\/wp-content\/uploads\/2023\/04\/Ceremonie-souvenir-deportation-Seyssel-30.04.2023-Monument-aux-morts-300x195.jpg 300w, https:\/\/seyssel74.com\/wp-content\/uploads\/2023\/04\/Ceremonie-souvenir-deportation-Seyssel-30.04.2023-Monument-aux-morts-768x500.jpg 768w\" sizes=\"auto, (max-width: 998px) 100vw, 998px\" \/><\/figure>\n\n\n\n<p><\/p>\n\n\n\n<figure class=\"wp-block-image size-full\"><img loading=\"lazy\" decoding=\"async\" width=\"473\" height=\"629\" src=\"https:\/\/seyssel74.com\/wp-content\/uploads\/2023\/04\/Ceremonie-souvenir-deportation-30.04.2023-elus-Seyssel-F.Peltier.jpg\" alt=\"\" class=\"wp-image-13139\" srcset=\"https:\/\/seyssel74.com\/wp-content\/uploads\/2023\/04\/Ceremonie-souvenir-deportation-30.04.2023-elus-Seyssel-F.Peltier.jpg 473w, https:\/\/seyssel74.com\/wp-content\/uploads\/2023\/04\/Ceremonie-souvenir-deportation-30.04.2023-elus-Seyssel-F.Peltier-226x300.jpg 226w\" sizes=\"auto, (max-width: 473px) 100vw, 473px\" \/><figcaption class=\"wp-element-caption\">\u00a9\ud83d\udcf7 Frederic Peltier<\/figcaption><\/figure>\n\n\n\n<figure class=\"wp-block-image size-full\"><img loading=\"lazy\" decoding=\"async\" width=\"907\" height=\"680\" src=\"https:\/\/seyssel74.com\/wp-content\/uploads\/2023\/04\/Ceremonie-souvenir-deportation-30.04.2023-porte-drapeaux-F.Peltier.jpg\" alt=\"\" class=\"wp-image-13142\" srcset=\"https:\/\/seyssel74.com\/wp-content\/uploads\/2023\/04\/Ceremonie-souvenir-deportation-30.04.2023-porte-drapeaux-F.Peltier.jpg 907w, https:\/\/seyssel74.com\/wp-content\/uploads\/2023\/04\/Ceremonie-souvenir-deportation-30.04.2023-porte-drapeaux-F.Peltier-300x225.jpg 300w, https:\/\/seyssel74.com\/wp-content\/uploads\/2023\/04\/Ceremonie-souvenir-deportation-30.04.2023-porte-drapeaux-F.Peltier-768x576.jpg 768w\" sizes=\"auto, (max-width: 907px) 100vw, 907px\" \/><figcaption class=\"wp-element-caption\">\u00a9\ud83d\udcf7 Frederic Peltier<\/figcaption><\/figure>\n\n\n\n<figure class=\"wp-block-image size-full\"><img loading=\"lazy\" decoding=\"async\" width=\"1205\" height=\"700\" src=\"https:\/\/seyssel74.com\/wp-content\/uploads\/2023\/04\/Ceremonie-journee-souvenir-deportation-30.04.2023.jpg\" alt=\"\" class=\"wp-image-13138\" srcset=\"https:\/\/seyssel74.com\/wp-content\/uploads\/2023\/04\/Ceremonie-journee-souvenir-deportation-30.04.2023.jpg 1205w, https:\/\/seyssel74.com\/wp-content\/uploads\/2023\/04\/Ceremonie-journee-souvenir-deportation-30.04.2023-300x174.jpg 300w, https:\/\/seyssel74.com\/wp-content\/uploads\/2023\/04\/Ceremonie-journee-souvenir-deportation-30.04.2023-768x446.jpg 768w\" sizes=\"auto, (max-width: 1205px) 100vw, 1205px\" \/><\/figure>\n\n\n\n<p><\/p>\n\n\n\n<figure class=\"wp-block-image size-full\"><img loading=\"lazy\" decoding=\"async\" width=\"1454\" height=\"550\" src=\"https:\/\/seyssel74.com\/wp-content\/uploads\/2023\/05\/journee-souvenir-deportartion-derneir-dimanche-avril-2023.jpg\" alt=\"\" class=\"wp-image-13259\" srcset=\"https:\/\/seyssel74.com\/wp-content\/uploads\/2023\/05\/journee-souvenir-deportartion-derneir-dimanche-avril-2023.jpg 1454w, https:\/\/seyssel74.com\/wp-content\/uploads\/2023\/05\/journee-souvenir-deportartion-derneir-dimanche-avril-2023-300x113.jpg 300w, https:\/\/seyssel74.com\/wp-content\/uploads\/2023\/05\/journee-souvenir-deportartion-derneir-dimanche-avril-2023-768x291.jpg 768w\" sizes=\"auto, (max-width: 1454px) 100vw, 1454px\" \/><figcaption class=\"wp-element-caption\">\u00a9\ud83d\udcf7 C\u00e9line B.<\/figcaption><\/figure>\n","protected":false},"excerpt":{"rendered":"<p>Une comm\u00e9moration qui s&rsquo;est d\u00e9roul\u00e9e devant le Monument aux Morts de Seyssel rive gauche. En pr\u00e9sence du maire et des \u00e9lus seysselans des deux rives, des sections locales du Souvenir Fran\u00e7ais, de l&rsquo;UNC-Alpes, d\u2019Anciens Combattants, du conseil municipal des enfants, des porte-drapeaux, des sapeurs-pompiers des deux Seyssel, de la gendarmerie, des repr\u00e9sentants des familles et [&hellip;]<\/p>\n","protected":false},"author":1,"featured_media":0,"comment_status":"open","ping_status":"open","sticky":false,"template":"","format":"standard","meta":{"ocean_post_layout":"","ocean_both_sidebars_style":"","ocean_both_sidebars_content_width":0,"ocean_both_sidebars_sidebars_width":0,"ocean_sidebar":"0","ocean_second_sidebar":"0","ocean_disable_margins":"enable","ocean_add_body_class":"","ocean_shortcode_before_top_bar":"","ocean_shortcode_after_top_bar":"","ocean_shortcode_before_header":"","ocean_shortcode_after_header":"","ocean_has_shortcode":"","ocean_shortcode_after_title":"","ocean_shortcode_before_footer_widgets":"","ocean_shortcode_after_footer_widgets":"","ocean_shortcode_before_footer_bottom":"","ocean_shortcode_after_footer_bottom":"","ocean_display_top_bar":"default","ocean_display_header":"default","ocean_header_style":"","ocean_center_header_left_menu":"0","ocean_custom_header_template":"0","ocean_custom_logo":0,"ocean_custom_retina_logo":0,"ocean_custom_logo_max_width":0,"ocean_custom_logo_tablet_max_width":0,"ocean_custom_logo_mobile_max_width":0,"ocean_custom_logo_max_height":0,"ocean_custom_logo_tablet_max_height":0,"ocean_custom_logo_mobile_max_height":0,"ocean_header_custom_menu":"0","ocean_menu_typo_font_family":"0","ocean_menu_typo_font_subset":"","ocean_menu_typo_font_size":0,"ocean_menu_typo_font_size_tablet":0,"ocean_menu_typo_font_size_mobile":0,"ocean_menu_typo_font_size_unit":"px","ocean_menu_typo_font_weight":"","ocean_menu_typo_font_weight_tablet":"","ocean_menu_typo_font_weight_mobile":"","ocean_menu_typo_transform":"","ocean_menu_typo_transform_tablet":"","ocean_menu_typo_transform_mobile":"","ocean_menu_typo_line_height":0,"ocean_menu_typo_line_height_tablet":0,"ocean_menu_typo_line_height_mobile":0,"ocean_menu_typo_line_height_unit":"","ocean_menu_typo_spacing":0,"ocean_menu_typo_spacing_tablet":0,"ocean_menu_typo_spacing_mobile":0,"ocean_menu_typo_spacing_unit":"","ocean_menu_link_color":"","ocean_menu_link_color_hover":"","ocean_menu_link_color_active":"","ocean_menu_link_background":"","ocean_menu_link_hover_background":"","ocean_menu_link_active_background":"","ocean_menu_social_links_bg":"","ocean_menu_social_hover_links_bg":"","ocean_menu_social_links_color":"","ocean_menu_social_hover_links_color":"","ocean_disable_title":"default","ocean_disable_heading":"default","ocean_post_title":"","ocean_post_subheading":"","ocean_post_title_style":"","ocean_post_title_background_color":"","ocean_post_title_background":0,"ocean_post_title_bg_image_position":"","ocean_post_title_bg_image_attachment":"","ocean_post_title_bg_image_repeat":"","ocean_post_title_bg_image_size":"","ocean_post_title_height":0,"ocean_post_title_bg_overlay":0.5,"ocean_post_title_bg_overlay_color":"","ocean_disable_breadcrumbs":"default","ocean_breadcrumbs_color":"","ocean_breadcrumbs_separator_color":"","ocean_breadcrumbs_links_color":"","ocean_breadcrumbs_links_hover_color":"","ocean_display_footer_widgets":"default","ocean_display_footer_bottom":"default","ocean_custom_footer_template":"0","ofc_meta_disable_footer_callout":"","ofc_meta_callout_button_url":"","ofc_meta_callout_button_txt":"","ofc_meta_callout_text":"","ofc_enable_fullscreen":"disable","ofc_fullscreen_speed":0,"ofc_fullscreen_nav":"enable","ofc_fullscreen_nav_pos":"right","ofc_fullscreen_nav_color":"","ofc_fullscreen_nav_tooltip_color":"","ofc_fullscreen_responsive":0,"osp_disable_panel":"default","osh_disable_topbar_sticky":"default","osh_disable_header_sticky":"default","osh_sticky_header_style":"default","osh_sticky_header_effect":"","osh_custom_sticky_logo":0,"osh_custom_retina_sticky_logo":0,"osh_custom_sticky_logo_height":0,"osh_background_color":"","osh_links_color":"","osh_links_hover_color":"","osh_links_active_color":"","osh_links_bg_color":"","osh_links_hover_bg_color":"","osh_links_active_bg_color":"","osh_menu_social_links_color":"","osh_menu_social_hover_links_color":"","ocean_post_oembed":"","ocean_post_self_hosted_media":"","ocean_post_video_embed":"","ocean_link_format":"","ocean_link_format_target":"self","ocean_quote_format":"","ocean_quote_format_link":"post","ocean_gallery_link_images":"off","ocean_gallery_id":[],"footnotes":""},"categories":[58],"tags":[35],"class_list":["post-13136","post","type-post","status-publish","format-standard","hentry","category-ceremonie","tag-ceremonie","entry"],"_links":{"self":[{"href":"https:\/\/seyssel74.com\/index.php\/wp-json\/wp\/v2\/posts\/13136","targetHints":{"allow":["GET"]}}],"collection":[{"href":"https:\/\/seyssel74.com\/index.php\/wp-json\/wp\/v2\/posts"}],"about":[{"href":"https:\/\/seyssel74.com\/index.php\/wp-json\/wp\/v2\/types\/post"}],"author":[{"embeddable":true,"href":"https:\/\/seyssel74.com\/index.php\/wp-json\/wp\/v2\/users\/1"}],"replies":[{"embeddable":true,"href":"https:\/\/seyssel74.com\/index.php\/wp-json\/wp\/v2\/comments?post=13136"}],"version-history":[{"count":4,"href":"https:\/\/seyssel74.com\/index.php\/wp-json\/wp\/v2\/posts\/13136\/revisions"}],"predecessor-version":[{"id":13260,"href":"https:\/\/seyssel74.com\/index.php\/wp-json\/wp\/v2\/posts\/13136\/revisions\/13260"}],"wp:attachment":[{"href":"https:\/\/seyssel74.com\/index.php\/wp-json\/wp\/v2\/media?parent=13136"}],"wp:term":[{"taxonomy":"category","embeddable":true,"href":"https:\/\/seyssel74.com\/index.php\/wp-json\/wp\/v2\/categories?post=13136"},{"taxonomy":"post_tag","embeddable":true,"href":"https:\/\/seyssel74.com\/index.php\/wp-json\/wp\/v2\/tags?post=13136"}],"curies":[{"name":"wp","href":"https:\/\/api.w.org\/{rel}","templated":true}]}}