{"id":12478,"date":"2023-03-04T18:53:46","date_gmt":"2023-03-04T17:53:46","guid":{"rendered":"https:\/\/seyssel74.com\/?p=12478"},"modified":"2023-03-04T18:55:59","modified_gmt":"2023-03-04T17:55:59","slug":"information-concernant-la-prochaine-rentree-scolaire","status":"publish","type":"post","link":"https:\/\/seyssel74.com\/index.php\/2023\/03\/04\/information-concernant-la-prochaine-rentree-scolaire\/","title":{"rendered":"Information concernant la prochaine rentr\u00e9e scolaire"},"content":{"rendered":"\n<p>Suite aux annonces concernant la carte scolaire pour la rentr\u00e9e 2023 et \u00e0 la mobilisation qui s\u2019est enclench\u00e9e avec les parents d\u2019\u00e9l\u00e8ves, la municipalit\u00e9 avait convenu d\u2019un rendez-vous aupr\u00e8s de la Direction des Services D\u00e9partementaux de l&rsquo;\u00c9ducation Nationale de la Haute-Savoie (DSDEN).<\/p>\n\n\n\n<p>M. le maire, M. le premier adjoint, et Mme l\u2019adjointe d\u00e9l\u00e9gu\u00e9e aux \u00e9coles, ont \u00e9t\u00e9 accueilli le jeudi 2 mars 2023 \u00e0 Annecy.<\/p>\n\n\n\n<p>La <a><\/a>municipalit\u00e9 remercie M. le directeur acad\u00e9mique, son adjoint charg\u00e9 du premier degr\u00e9 d&rsquo;enseignement et la cheffe de la division du pilotage des \u00e9tablissements, pour leur \u00e9coute et les \u00e9changes constructifs.<\/p>\n\n\n\n<p><img loading=\"lazy\" decoding=\"async\" height=\"16\" width=\"16\" src=\"https:\/\/static.xx.fbcdn.net\/images\/emoji.php\/v9\/t3\/1.5\/16\/1f4ca.png\" alt=\"\ud83d\udcca\"> La DSDEN doit faire face \u00e0 la croissance d\u00e9mographique importante en Haute-Savoie, et se doit d\u2019avoir une vision d\u00e9partementale.<br>Avec 442 \u00e9coles \u00e0 g\u00e9rer, la probl\u00e9matique des effectifs n\u2019est donc pas simple.<br>En 2022, cela repr\u00e9sente 400 \u00e9l\u00e8ves suppl\u00e9mentaires, soit la n\u00e9cessit\u00e9 de cr\u00e9er 26 postes suppl\u00e9mentaires.<\/p>\n\n\n\n<p><img loading=\"lazy\" decoding=\"async\" height=\"16\" width=\"16\" src=\"https:\/\/static.xx.fbcdn.net\/images\/emoji.php\/v9\/tcf\/1.5\/16\/21aa.png\" alt=\"\u21aa\ufe0f\"> C\u00f4t\u00e9 commune de Seyssel, l\u2019ensemble des points d\u2019attention ont \u00e9t\u00e9 \u00e9voqu\u00e9s :<br>d\u00e9sert m\u00e9dical, rdv chez les m\u00e9decins sp\u00e9cialistes souvent \u00e0 plus de 40km n\u00e9cessitant aux enfants de quitter les cours, fermeture du cabinet infirmier r\u00e9cemment, augmentation constante des naissances, 9 enfants notifi\u00e9s MDPH dont 4 avec AESH, enfants allophones, potentiellement 150 logements en construction dont 1\/3 sociaux, temps de pr\u00e9sence \u00e0 l\u2019\u00e9cole tr\u00e8s long (p\u00e9riscolaire de 7h20 \u00e0 18h30), grande disparit\u00e9 en mati\u00e8re de position sociale<\/p>\n\n\n\n<p>Suite \u00e0 cet \u00e9change, il a \u00e9t\u00e9 convenu avec M. le directeur acad\u00e9mique que :<br>&#8211; l\u2019\u00e9cole Jules Coissard perd son statut de secteur prioritaire pour la rentr\u00e9e prochaine, mais que ce classement sera de nouveau \u00e9valu\u00e9 suite \u00e0 un point en d\u00e9but d\u2019ann\u00e9e 2024<br>&#8211; 18 communes sont dans le m\u00eame cas que Seyssel<br>&#8211; malgr\u00e9 ce retrait de statut,<strong> il n&rsquo;y aura pas de fermeture de classe pour la prochaine rentr\u00e9e<\/strong><br>&#8211; il existe un dispositif de Contrat Local d\u2019Accompagnement (CLA) qui pourrait s\u2019appliquer pour notre \u00e9cole<\/p>\n\n\n\n<figure class=\"wp-block-image size-full\"><img loading=\"lazy\" decoding=\"async\" width=\"1000\" height=\"1000\" src=\"https:\/\/seyssel74.com\/wp-content\/uploads\/2023\/03\/Visite-elus-Seyssel-DSDEN-74-Annecy.jpg\" alt=\"\" class=\"wp-image-12481\" srcset=\"https:\/\/seyssel74.com\/wp-content\/uploads\/2023\/03\/Visite-elus-Seyssel-DSDEN-74-Annecy.jpg 1000w, https:\/\/seyssel74.com\/wp-content\/uploads\/2023\/03\/Visite-elus-Seyssel-DSDEN-74-Annecy-300x300.jpg 300w, https:\/\/seyssel74.com\/wp-content\/uploads\/2023\/03\/Visite-elus-Seyssel-DSDEN-74-Annecy-150x150.jpg 150w, https:\/\/seyssel74.com\/wp-content\/uploads\/2023\/03\/Visite-elus-Seyssel-DSDEN-74-Annecy-768x768.jpg 768w, https:\/\/seyssel74.com\/wp-content\/uploads\/2023\/03\/Visite-elus-Seyssel-DSDEN-74-Annecy-600x600.jpg 600w\" sizes=\"auto, (max-width: 1000px) 100vw, 1000px\" \/><\/figure>\n\n\n\n<p><\/p>\n\n\n\n<figure class=\"wp-block-image size-full\"><img loading=\"lazy\" decoding=\"async\" width=\"1000\" height=\"1000\" src=\"https:\/\/seyssel74.com\/wp-content\/uploads\/2023\/03\/Mobilisation-rentree-scolaire-prochaine-Seyssel-2023.jpg\" alt=\"\" class=\"wp-image-12482\" srcset=\"https:\/\/seyssel74.com\/wp-content\/uploads\/2023\/03\/Mobilisation-rentree-scolaire-prochaine-Seyssel-2023.jpg 1000w, https:\/\/seyssel74.com\/wp-content\/uploads\/2023\/03\/Mobilisation-rentree-scolaire-prochaine-Seyssel-2023-300x300.jpg 300w, https:\/\/seyssel74.com\/wp-content\/uploads\/2023\/03\/Mobilisation-rentree-scolaire-prochaine-Seyssel-2023-150x150.jpg 150w, https:\/\/seyssel74.com\/wp-content\/uploads\/2023\/03\/Mobilisation-rentree-scolaire-prochaine-Seyssel-2023-768x768.jpg 768w, https:\/\/seyssel74.com\/wp-content\/uploads\/2023\/03\/Mobilisation-rentree-scolaire-prochaine-Seyssel-2023-600x600.jpg 600w\" sizes=\"auto, (max-width: 1000px) 100vw, 1000px\" \/><\/figure>\n","protected":false},"excerpt":{"rendered":"<p>Suite aux annonces concernant la carte scolaire pour la rentr\u00e9e 2023 et \u00e0 la mobilisation qui s\u2019est enclench\u00e9e avec les parents d\u2019\u00e9l\u00e8ves, la municipalit\u00e9 avait convenu d\u2019un rendez-vous aupr\u00e8s de la Direction des Services D\u00e9partementaux de l&rsquo;\u00c9ducation Nationale de la Haute-Savoie (DSDEN). M. le maire, M. le premier adjoint, et Mme l\u2019adjointe d\u00e9l\u00e9gu\u00e9e aux \u00e9coles, [&hellip;]<\/p>\n","protected":false},"author":1,"featured_media":0,"comment_status":"open","ping_status":"open","sticky":false,"template":"","format":"standard","meta":{"ocean_post_layout":"","ocean_both_sidebars_style":"","ocean_both_sidebars_content_width":0,"ocean_both_sidebars_sidebars_width":0,"ocean_sidebar":"0","ocean_second_sidebar":"0","ocean_disable_margins":"enable","ocean_add_body_class":"","ocean_shortcode_before_top_bar":"","ocean_shortcode_after_top_bar":"","ocean_shortcode_before_header":"","ocean_shortcode_after_header":"","ocean_has_shortcode":"","ocean_shortcode_after_title":"","ocean_shortcode_before_footer_widgets":"","ocean_shortcode_after_footer_widgets":"","ocean_shortcode_before_footer_bottom":"","ocean_shortcode_after_footer_bottom":"","ocean_display_top_bar":"default","ocean_display_header":"default","ocean_header_style":"","ocean_center_header_left_menu":"0","ocean_custom_header_template":"0","ocean_custom_logo":0,"ocean_custom_retina_logo":0,"ocean_custom_logo_max_width":0,"ocean_custom_logo_tablet_max_width":0,"ocean_custom_logo_mobile_max_width":0,"ocean_custom_logo_max_height":0,"ocean_custom_logo_tablet_max_height":0,"ocean_custom_logo_mobile_max_height":0,"ocean_header_custom_menu":"0","ocean_menu_typo_font_family":"0","ocean_menu_typo_font_subset":"","ocean_menu_typo_font_size":0,"ocean_menu_typo_font_size_tablet":0,"ocean_menu_typo_font_size_mobile":0,"ocean_menu_typo_font_size_unit":"px","ocean_menu_typo_font_weight":"","ocean_menu_typo_font_weight_tablet":"","ocean_menu_typo_font_weight_mobile":"","ocean_menu_typo_transform":"","ocean_menu_typo_transform_tablet":"","ocean_menu_typo_transform_mobile":"","ocean_menu_typo_line_height":0,"ocean_menu_typo_line_height_tablet":0,"ocean_menu_typo_line_height_mobile":0,"ocean_menu_typo_line_height_unit":"","ocean_menu_typo_spacing":0,"ocean_menu_typo_spacing_tablet":0,"ocean_menu_typo_spacing_mobile":0,"ocean_menu_typo_spacing_unit":"","ocean_menu_link_color":"","ocean_menu_link_color_hover":"","ocean_menu_link_color_active":"","ocean_menu_link_background":"","ocean_menu_link_hover_background":"","ocean_menu_link_active_background":"","ocean_menu_social_links_bg":"","ocean_menu_social_hover_links_bg":"","ocean_menu_social_links_color":"","ocean_menu_social_hover_links_color":"","ocean_disable_title":"default","ocean_disable_heading":"default","ocean_post_title":"","ocean_post_subheading":"","ocean_post_title_style":"","ocean_post_title_background_color":"","ocean_post_title_background":0,"ocean_post_title_bg_image_position":"","ocean_post_title_bg_image_attachment":"","ocean_post_title_bg_image_repeat":"","ocean_post_title_bg_image_size":"","ocean_post_title_height":0,"ocean_post_title_bg_overlay":0.5,"ocean_post_title_bg_overlay_color":"","ocean_disable_breadcrumbs":"default","ocean_breadcrumbs_color":"","ocean_breadcrumbs_separator_color":"","ocean_breadcrumbs_links_color":"","ocean_breadcrumbs_links_hover_color":"","ocean_display_footer_widgets":"default","ocean_display_footer_bottom":"default","ocean_custom_footer_template":"0","ofc_meta_disable_footer_callout":"","ofc_meta_callout_button_url":"","ofc_meta_callout_button_txt":"","ofc_meta_callout_text":"","ofc_enable_fullscreen":"disable","ofc_fullscreen_speed":0,"ofc_fullscreen_nav":"enable","ofc_fullscreen_nav_pos":"right","ofc_fullscreen_nav_color":"","ofc_fullscreen_nav_tooltip_color":"","ofc_fullscreen_responsive":0,"osp_disable_panel":"default","osh_disable_topbar_sticky":"default","osh_disable_header_sticky":"default","osh_sticky_header_style":"default","osh_sticky_header_effect":"","osh_custom_sticky_logo":0,"osh_custom_retina_sticky_logo":0,"osh_custom_sticky_logo_height":0,"osh_background_color":"","osh_links_color":"","osh_links_hover_color":"","osh_links_active_color":"","osh_links_bg_color":"","osh_links_hover_bg_color":"","osh_links_active_bg_color":"","osh_menu_social_links_color":"","osh_menu_social_hover_links_color":"","ocean_post_oembed":"","ocean_post_self_hosted_media":"","ocean_post_video_embed":"","ocean_link_format":"","ocean_link_format_target":"self","ocean_quote_format":"","ocean_quote_format_link":"post","ocean_gallery_link_images":"off","ocean_gallery_id":[],"footnotes":""},"categories":[40],"tags":[28],"class_list":["post-12478","post","type-post","status-publish","format-standard","hentry","category-ecole","tag-ecole","entry"],"_links":{"self":[{"href":"https:\/\/seyssel74.com\/index.php\/wp-json\/wp\/v2\/posts\/12478","targetHints":{"allow":["GET"]}}],"collection":[{"href":"https:\/\/seyssel74.com\/index.php\/wp-json\/wp\/v2\/posts"}],"about":[{"href":"https:\/\/seyssel74.com\/index.php\/wp-json\/wp\/v2\/types\/post"}],"author":[{"embeddable":true,"href":"https:\/\/seyssel74.com\/index.php\/wp-json\/wp\/v2\/users\/1"}],"replies":[{"embeddable":true,"href":"https:\/\/seyssel74.com\/index.php\/wp-json\/wp\/v2\/comments?post=12478"}],"version-history":[{"count":2,"href":"https:\/\/seyssel74.com\/index.php\/wp-json\/wp\/v2\/posts\/12478\/revisions"}],"predecessor-version":[{"id":12483,"href":"https:\/\/seyssel74.com\/index.php\/wp-json\/wp\/v2\/posts\/12478\/revisions\/12483"}],"wp:attachment":[{"href":"https:\/\/seyssel74.com\/index.php\/wp-json\/wp\/v2\/media?parent=12478"}],"wp:term":[{"taxonomy":"category","embeddable":true,"href":"https:\/\/seyssel74.com\/index.php\/wp-json\/wp\/v2\/categories?post=12478"},{"taxonomy":"post_tag","embeddable":true,"href":"https:\/\/seyssel74.com\/index.php\/wp-json\/wp\/v2\/tags?post=12478"}],"curies":[{"name":"wp","href":"https:\/\/api.w.org\/{rel}","templated":true}]}}